{"id":24246,"date":"2025-01-15T07:45:25","date_gmt":"2025-01-15T07:45:25","guid":{"rendered":"https:\/\/247stiri.ro\/index.php\/2025\/01\/15\/15-ianuarie-ziua-culturii-nationale-spectacole-si-acces-gratuit-in-mai-multe-muzee-din-bucuresti-si-din-tara\/"},"modified":"2025-01-15T07:45:25","modified_gmt":"2025-01-15T07:45:25","slug":"15-ianuarie-ziua-culturii-nationale-spectacole-si-acces-gratuit-in-mai-multe-muzee-din-bucuresti-si-din-tara","status":"publish","type":"post","link":"https:\/\/247stiri.ro\/index.php\/2025\/01\/15\/15-ianuarie-ziua-culturii-nationale-spectacole-si-acces-gratuit-in-mai-multe-muzee-din-bucuresti-si-din-tara\/","title":{"rendered":"15 ianuarie, Ziua Culturii Na\u021bionale: spectacole \u0219i acces gratuit \u00een mai multe muzee din Bucure\u0219ti \u0219i din \u021bar\u0103"},"content":{"rendered":"<p>N\u0103scut la Boto\u0219ani, &#8216;poetul nepereche&#8217; a fost \u0219i prozator, dramaturg \u0219i jurnalist, iar critica literar\u0103 postum\u0103 l-a catalogat drept cea mai important\u0103 voce poetic\u0103 din literatura rom\u00e2n\u0103. Av\u00e2nd o bun\u0103 educa\u021bie filosofic\u0103, opera sa poetic\u0103 a fost influen\u021bat\u0103 de marile sisteme filosofice ale epocii sale, de filosofia antic\u0103 &#8211; de la Heraclit la Platon, dar \u0219i de marile sisteme de g\u00e2ndire ale romantismului &#8211; de teoriile lui Arthur Schopenhauer, Immanuel Kant, precum \u0219i de cele ale lui Georg Wilhelm Friedrich Hegel.<\/p>\n<p>Membru activ al societ\u0103\u021bii &#8216;Junimea&#8217;, Eminescu a fost \u0219i unul dintre redactorii renumi\u021bi ai ziarului &#8216;Timpul&#8217;. A publicat primul s\u0103u poem la v\u00e2rsta de 16 ani, iar trei ani mai t\u00e2rziu a plecat s\u0103 studieze la Viena. Cu toate c\u0103 a tr\u0103it numai 39 de ani, \u00een acest r\u0103stimp a l\u0103sat posterit\u0103\u021bii o crea\u021bie literar\u0103 foarte ampl\u0103 &#8211; poezii, proz\u0103, dramaturgie -, dar \u0219i publicistic\u0103.<\/p>\n<p>Manuscrisele lui Mihai Eminescu, adunate \u00een 46 de volume (care \u00eensumeaz\u0103 aproximativ 14.000 de file), au fost d\u0103ruite Academiei Rom\u00e2ne de Titu Maiorescu, \u00een 25 ianuarie 1902.<\/p>\n<p>Poetul a murit \u00een 15 iunie 1889, la Bucure\u0219ti. A fost ales, post-mortem (28 octombrie 1948), membru al Academiei Rom\u00e2ne, potrivit site-ului https:\/\/academiaromana.ro\/.<\/p>\n<p>Camera Deputa\u021bilor a adoptat, la 16 noiembrie 2010, un proiect de lege, ini\u021biat de mai mul\u021bi deputa\u021bi \u0219i senatori, prin care ziua de na\u0219tere a lui Mihai Eminescu a devenit Ziua Culturii Na\u021bionale, actul normativ \u00eentrunind 175 de voturi favorabile, unul \u00eempotriv\u0103 \u0219i dou\u0103 ab\u021bineri. \u00cen expunerea de motive a ini\u021biatorilor se ar\u0103ta: &#8216;Ziua Culturii Na\u021bionale va fi, \u00een viziunea noastr\u0103, o zi \u00een care nu numai celebr\u0103m un mare creator, dar \u0219i o zi de reflec\u021bie asupra culturii rom\u00e2ne, \u00een genere, \u0219i a proiectelor culturale de interes na\u021bional&#8217;, potrivit https:\/\/www.cdep.ro\/.<\/p>\n<p>Decretul pentru promulgarea Legii privind declararea zilei de 15 ianuarie ca fiind Ziua Culturii Na\u021bionale a fost semnat la 6 decembrie 2010, iar Legea nr. 238 din 7 decembrie 2010 a fost publicat\u0103 \u00een Monitorul Oficial nr. 831 din 13 decembrie 2010.<\/p>\n<p>Ziua de na\u0219tere a lui Mihai Eminescu a devenit Ziua Culturii Na\u021bionale \u0219i \u00een Republica Moldova, \u00een urma hot\u0103r\u00e2rii autorit\u0103\u021bilor acestei \u021b\u0103ri.<\/p>\n<p>15 ianuarie, Ziua Culturii Na\u0163ionale. Spectacole \u0219i acces gratuit \u00een mai multe muzee din Bucure\u0219ti \u0219i din \u021bar\u0103<\/p>\n<p>\u00cen 2025, c\u00e2nd se \u00eemplinesc 175 de ani de la na\u0219terea poetului na\u021bional Mihai Eminescu, sunt organizate \u00een Bucure\u0219ti, \u00een \u00eentreaga \u021bar\u0103 \u0219i \u00een str\u0103in\u0103tate, numeroase evenimente culturale. Cu acest prilej, o emisiune filatelic\u0103 dedicat\u0103 acestui eveniment va fi introdus\u0103 \u00een circula\u021bie de Romfilatelia, ce va fi disponibil\u0103 \u00een re\u021beaua magazinelor din Bucure\u0219ti, Bac\u0103u, Bra\u0219ov, Cluj-Napoca, Ia\u0219i, Timi\u0219oara, precum \u0219i \u00een magazinul online, conform unui comunicat al Romfilatelia. Emisiunea &#8216;Luceaf\u0103rul poeziei rom\u00e2ne\u0219ti, Mihai Eminescu&#8217; cuprinde o marc\u0103 po\u0219tal\u0103, o coli\u021b\u0103 dantelat\u0103, dou\u0103 minicoli, un plic &#8216;prima zi&#8217;, precum \u0219i o map\u0103 filatelic\u0103 cu produs special \u00een tiraj limitat. Marca po\u0219tal\u0103 cu valoarea nominal\u0103 14 lei ilustreaz\u0103 un portret al poetului asociat cu un facsimil al versurilor apar\u021bin\u00e2nd manuscrisului poeziei &#8216;Rug\u0103ciunea unui dac&#8217;.<\/p>\n<p>\u00cen Bucure\u0219ti, o expozi\u021bie dedicat\u0103 \u00eemplinirii a 150 de ani de la na\u0219terea reginei Maria a Rom\u00e2niei, organizat\u0103 cu prilejul Zilei Culturii Na\u021bionale, va fi vernisat\u0103 pe 15 ianuarie, de la ora 11.00, la Muzeul Na\u021bional al Satului &#8216;Dimitrie Gusti&#8217;. Organizat\u0103 de Institutul Na\u021bional al Patrimoniului \u0219i Muzeul Satului, expozi\u021bia \u00ee\u0219i propune &#8216;s\u0103 ilustreze personalitatea legendarei suverane, cea care continu\u0103 s\u0103 ne d\u0103ruiasc\u0103 lec\u021bii despre frumos, diploma\u021bie, sacrificiu, curaj, patriotism&#8217;, informeaz\u0103 \u00eentr-un comunicat Institutul Na\u021bional al Patrimoniului. Expozi\u021bia aduce laolalt\u0103, printre altele, o parte dintre c\u0103r\u021bile reginei Maria \u00een edi\u021bii princeps, una dintre ele fiind cu autograful acesteia.<\/p>\n<p>Tot \u00een aceast\u0103 zi, va avea loc vernisajul expozi\u021biei &#8216;Ora\u0219ul scriitoarelor. Peisaj urban \u00een literatura scris\u0103 de femei&#8217;, la Muzeul Na\u021bional al Literaturii Rom\u00e2ne (sediul din Calea Grivi\u021bei). Evenimentul propune publicului un exerci\u021biu de recuperare a operelor \u0219i biografiilor unor scriitoare active \u00een perioada interbelic\u0103: Hortensia Papadat-Bengescu, M\u0103rg\u0103rita Miller-Verghy, Bucura Dumbrav\u0103, Aida Vrioni, Natalia Negru, Alice Voinescu, Martha Bibescu, Ticu Archip, Zoe Verbiceanu, Henriette Yvonne Stahl, Sanda Movil\u0103, Cella Serghi, Lucia Demetrius, Ioana Postelnicu, Ani\u0219oara Odeanu, Sorana Gurian, Maria Banu\u0219, Jeni Acterian.<\/p>\n<p>Teatrul Na\u021bional de Operet\u0103 \u0219i Musical &#8216;Ion Dacian&#8217; marcheaz\u0103 Ziua Culturii Na\u021bionale prin recitalul &#8216;Rom\u00e2nia \u00een s\u0103rb\u0103toare,&#8217; programat de la ora 19.00, \u00een Opereta Lounge. Teatrul &#8216;Ion Creang\u0103&#8217; celebreaz\u0103 arta cu premiera spectacolului pentru copii &#8216;Feti\u021ba cu chibrituri&#8217;, care va putea fi urm\u0103rit de la ora 18.00, la Sala Mare din Pia\u021ba Amzei, potrivit unui comunicat al organizatorilor.<\/p>\n<p>Actorii Emilia Popescu \u0219i Mihai M\u0103laimare vor prezenta pe 15 ianuarie, spectacolul &#8216;Aplauze pentru poet&#8230; pe scen\u0103&#8217;, la Teatrelli, de la ora 19.00. Cei doi actori vor recita din crea\u021bia poe\u021bilor clasici \u0219i moderni rom\u00e2ni, de la Eminescu p\u00e2n\u0103 la Marin Sorescu, Nichita St\u0103nescu sau Emil Brumaru, \u00een ambian\u021ba muzical\u0103 special creat\u0103 de pianistul C\u0103t\u0103lin R\u0103ducanu.<\/p>\n<p>Filarmonica &#8216;George Enescu&#8217; marcheaz\u0103 Ziua Culturii Na\u021bionale printr-o serie de activit\u0103\u021bi dedicate publicului de toate v\u00e2rstele. Totodat\u0103, Ateneul Rom\u00e2n va putea fi vizitat gratuit \u00een limita programului disponibil, iar seara, de la ora 18.00, va avea loc un recital extraordinar, care include lucr\u0103ri din crea\u021bia muzical\u0103 rom\u00e2neasc\u0103.<\/p>\n<p>La 15 ianuarie, Muzeul Na\u021bional de Istorie Natural\u0103 &#8216;Grigore Antipa&#8217; ofer\u0103 vizitatorilor un program special de vizitare, care include: vizionarea filmului documentar de lung metraj &#8216;A \u0219ti sau a nu \u0219ti &#8211; de la banchizele Antarcticii la Ghe\u021barul de la Sc\u0103ri\u0219oara, pe urmele savantului explorator rom\u00e2n Emil Racovi\u021b\u0103&#8217;, turul ghidat al expozi\u021biei temporare &#8216;Visul primei nop\u021bi polare &#8211; Belgica &#8211; expedi\u021bia antarctic\u0103 1897-1899&#8217; precum \u0219i intrare gratuit\u0103 tuturor vizitatorilor \u00een expunerea permanent\u0103 a muzeului.<\/p>\n<p>Ziua Culturii Na\u021bionale va fi celebrat\u0103, \u00eentr-un mod special, \u00een cadrul expozi\u021biei interactive &#8216;Abracadabra &#8211; Secretele magiei&#8217; de la ARCUB &#8211; Hanul Gabroveni, deschis\u0103 \u00een decembrie anul trecut, printr-un atelier de lectur\u0103 sus\u021binut de scriitoarea Carmen Tiderle, c\u00e2\u0219tig\u0103toare a Premiului Copiilor C\u0103rturino 2024.<\/p>\n<p>\u00cen \u021bar\u0103, la Centrul Ecleziastic de Documentare &#8216;Mitropolit Nicolae Colan&#8217; de l\u00e2ng\u0103 Catedrala Ortodox\u0103 din Sf\u00e2ntu Gheorghe vor avea loc o serie de manifest\u0103ri, ce debuteaz\u0103 cu dezvelirea unui bust al poetului Mihai Eminescu, donat de artista Gabriela Muscalu din Ia\u0219i, conform declara\u021biei directorului onorific al Centrului, dr. Ioan L\u0103c\u0103tu\u0219u, pentru AGERPRES. Urmeaz\u0103 un moment poetic sus\u021binut de elevi de la Colegiul Na\u021bional &#8216;Mihai Viteazul&#8217; din municipiu \u0219i \u00eenm\u00e2narea unei diplome de excelen\u021b\u0103 Gabrielei Muscalu, colocviul &#8216;Cunoa\u0219terea istoriei \u0219i culturii locale &#8211; o prioritate a cercet\u0103rii interdisciplinare&#8217;, acordarea unei diplome de excelen\u021b\u0103 redactorului-\u0219ef al cotidianului &#8216;Mesagerul de Covasna&#8217;, Maria Cre\u021bu-Graur, cu prilejul anivers\u0103rii a 15 ani de la prima apari\u021bie a publica\u021biei.<\/p>\n<p>Ziua Culturii Na\u021bionale va fi celebrat\u0103 la Biblioteca Jude\u021bean\u0103 ASTRA Sibiu printr-o serie de evenimente \u0219i activit\u0103\u021bi derulate pe parcursul zilei de 15 ianuarie 2025.<\/p>\n<p>Un evenimentul, intitulat &#8216;Timpul trece, valorile r\u0103m\u00e2n: Eminescu &#8211; sufletul unui neam&#8217;, va fi organizat, la 15 ianuarie, de Casa de Cultur\u0103 Novaci, \u00een colaborare cu Liceul Teoretic Novaci, \u0218coala Gimnazial\u0103 Novaci \u0219i Biblioteca Or\u0103\u0219eneasc\u0103 Novaci \u0219i va avea loc \u00een amfiteatrul Liceului Teoretic Novaci, potrivit unui comunicat de pres\u0103 al Centrului Jude\u021bean pentru Conservarea \u0219i Promovarea Culturii Tradi\u021bionale (CJCPCT) Gorj.<\/p>\n<p>Ziua Culturii Na\u021bionale va fi s\u0103rb\u0103torit\u0103 la Stockholm, printr-un recital extraordinar de poezie \u0219i de muzic\u0103 clasic\u0103, dedicat poetului Mihai Eminescu. Evenimentul, sus\u021binut de soprana suedez\u0103 Siri Krosness, de pianistul \u0218tefan V\u00e2rtejaru \u0219i de actri\u021ba Luiza St\u0103nescu, este organizat de ICR Stockholm la sediul institutului (Skeppsbron 20).<\/p>\n<p>O sear\u0103 cultural\u0103 dedicat\u0103 Zilei Culturii Na\u021bionale, organizat\u0103 de Institutul Cultural Rom\u00e2n de la Lisabona \u0219i Ambasada Rom\u00e2niei \u00een Republica Portughez\u0103, va avea loc la 16 ianuarie 2025, la renumita Funda\u021bie Jose Saramago din Lisabona. Cu acest prilej, va avea loc ceremonia de \u00eenm\u00e2nare a decora\u021biei conferite Elenei Covasan, profesor al cursului de Limb\u0103, Cultur\u0103 \u0219i Civiliza\u021bie Rom\u00e2neasc\u0103, \u00een semn de deosebit\u0103 apreciere pentru profesionalismul \u0219i d\u0103ruirea puse \u00een slujba educa\u021biei rom\u00e2nilor, pentru contribu\u021bia important\u0103 avut\u0103 la promovarea limbii \u0219i culturii rom\u00e2ne \u0219i a imaginii Rom\u00e2niei \u00een Republica Portughez\u0103. De asemenea, vor fi acordate titlurile onorifice &#8216;Amicus Romaniae&#8217; unor personalit\u0103\u021bi portugheze: David Galego (primarul Municipiului Redondo), Mario Antas (fostul director al Muzeului Na\u021bional al Tr\u0103surilor din Lisabona) \u0219i Jose Manuel de Vasconcelos (poet, eseist \u0219i traduc\u0103tor, vicepre\u0219edinte al Asocia\u021biei Scriitorilor Portughezi).<\/p>\n<p>Jose Manuel de Vasconcelos va aduce, \u00een cadrul evenimentului, un omagiu poetului na\u021bional Mihai Eminescu \u0219i culturii rom\u00e2ne, recit\u00e2nd o selec\u021bie de poeme traduse pentru prima dat\u0103 \u00een portughez\u0103 de reputatul filolog Victor Buescu (exilat \u00een Portugalia dup\u0103 instaurarea regimului comunist \u00een Rom\u00e2nia) \u0219i publicate \u00een 1950, la Lisabona. Seara va fi completat\u0103 de un recital de muzic\u0103 clasic\u0103 sus\u021binut de pianista Dana Radu, membr\u0103 a Lisbon Contemporary Music Group \u0219i pianist acompaniator la Academia Na\u021bional\u0103 Superioar\u0103 de Orchestr\u0103 din Portugalia.<\/p>\n<p>\u00a0<\/p>\n<p>\u00a0<\/p>","protected":false},"excerpt":{"rendered":"<p>N\u0103scut la Boto\u0219ani, &#8216;poetul nepereche&#8217; a fost \u0219i prozator, dramaturg \u0219i jurnalist, iar critica literar\u0103&hellip;<\/p>\n","protected":false},"author":0,"featured_media":24225,"comment_status":"open","ping_status":"open","sticky":false,"template":"","format":"standard","meta":{"footnotes":""},"categories":[2],"tags":[],"class_list":["post-24246","post","type-post","status-publish","format-standard","has-post-thumbnail","hentry","category-actual"],"_links":{"self":[{"href":"https:\/\/247stiri.ro\/index.php\/wp-json\/wp\/v2\/posts\/24246","targetHints":{"allow":["GET"]}}],"collection":[{"href":"https:\/\/247stiri.ro\/index.php\/wp-json\/wp\/v2\/posts"}],"about":[{"href":"https:\/\/247stiri.ro\/index.php\/wp-json\/wp\/v2\/types\/post"}],"replies":[{"embeddable":true,"href":"https:\/\/247stiri.ro\/index.php\/wp-json\/wp\/v2\/comments?post=24246"}],"version-history":[{"count":0,"href":"https:\/\/247stiri.ro\/index.php\/wp-json\/wp\/v2\/posts\/24246\/revisions"}],"wp:featuredmedia":[{"embeddable":true,"href":"https:\/\/247stiri.ro\/index.php\/wp-json\/wp\/v2\/media\/24225"}],"wp:attachment":[{"href":"https:\/\/247stiri.ro\/index.php\/wp-json\/wp\/v2\/media?parent=24246"}],"wp:term":[{"taxonomy":"category","embeddable":true,"href":"https:\/\/247stiri.ro\/index.php\/wp-json\/wp\/v2\/categories?post=24246"},{"taxonomy":"post_tag","embeddable":true,"href":"https:\/\/247stiri.ro\/index.php\/wp-json\/wp\/v2\/tags?post=24246"}],"curies":[{"name":"wp","href":"https:\/\/api.w.org\/{rel}","templated":true}]}}