{"id":24247,"date":"2025-01-15T07:45:25","date_gmt":"2025-01-15T07:45:25","guid":{"rendered":"https:\/\/247stiri.ro\/index.php\/2025\/01\/15\/accident-mortal-in-judetul-cluj-un-barbat-a-decedat-dupa-ce-masina-in-care-se-afla-a-fost-lovita-de-tren\/"},"modified":"2025-01-15T07:45:25","modified_gmt":"2025-01-15T07:45:25","slug":"accident-mortal-in-judetul-cluj-un-barbat-a-decedat-dupa-ce-masina-in-care-se-afla-a-fost-lovita-de-tren","status":"publish","type":"post","link":"https:\/\/247stiri.ro\/index.php\/2025\/01\/15\/accident-mortal-in-judetul-cluj-un-barbat-a-decedat-dupa-ce-masina-in-care-se-afla-a-fost-lovita-de-tren\/","title":{"rendered":"Accident mortal \u00een jude\u021bul Cluj. Un b\u0103rbat a decedat dup\u0103 ce ma\u0219ina \u00een care se afla a fost lovit\u0103 de tren"},"content":{"rendered":"<p>Un\u00a0t\u00e2n\u0103r\u00a0\u00een\u00a0v\u00e2rst\u0103 de 35 de ani\u00a0\u0219i-a pierdut\u00a0via\u021b\u0103 miercuri diminea\u021b\u0103,\u00a0\u00een\u00a0urm\u0103\u00a0unui accident\u00a0care\u00a0a avut loc\u00a0\u00een Mintiu Gherlii din jude\u021bul Cluj. Acesta\u00a0se\u00a0afl\u0103\u00a0\u00eentr-un autoturism\u00a0care\u00a0a fost lovit de tren.\u00a0\u00cen\u00a0urm\u0103\u00a0apelului\u00a0la\u00a0112, la\u00a0fa\u021b\u0103\u00a0locului au fost\u00a0trimi\u0219i\u00a0pompierii de la Dej, o\u00a0ambulan\u021b\u0103\u00a0SMURD\u00a0\u0219i\u00a0un echipaj SAJ.\u00a0\u201eEchipajele operative au g\u0103sit\u00a0la\u00a0fa\u021ba locului o autoutilitar\u0103 lovit\u0103 de tren. \u00cen\u00a0interiorul\u00a0autoturismului s-a aflat o persoan\u0103\u00a0care\u00a0prezen\u021ba,\u00a0din\u00a0p\u0103cate, leziuni incompatibile cu via\u021ba.\u00a0Mai\u00a0exact, este\u00a0vorba\u00a0despre un b\u0103rbat de aproximativ 35 de ani\u201d, a transmis ISU CLuj.\u00a0\u00a0<\/p>","protected":false},"excerpt":{"rendered":"<p>Un\u00a0t\u00e2n\u0103r\u00a0\u00een\u00a0v\u00e2rst\u0103 de 35 de ani\u00a0\u0219i-a pierdut\u00a0via\u021b\u0103 miercuri diminea\u021b\u0103,\u00a0\u00een\u00a0urm\u0103\u00a0unui accident\u00a0care\u00a0a avut loc\u00a0\u00een Mintiu Gherlii din jude\u021bul&hellip;<\/p>\n","protected":false},"author":0,"featured_media":24248,"comment_status":"open","ping_status":"open","sticky":false,"template":"","format":"standard","meta":{"footnotes":""},"categories":[2],"tags":[],"class_list":["post-24247","post","type-post","status-publish","format-standard","has-post-thumbnail","hentry","category-actual"],"_links":{"self":[{"href":"https:\/\/247stiri.ro\/index.php\/wp-json\/wp\/v2\/posts\/24247","targetHints":{"allow":["GET"]}}],"collection":[{"href":"https:\/\/247stiri.ro\/index.php\/wp-json\/wp\/v2\/posts"}],"about":[{"href":"https:\/\/247stiri.ro\/index.php\/wp-json\/wp\/v2\/types\/post"}],"replies":[{"embeddable":true,"href":"https:\/\/247stiri.ro\/index.php\/wp-json\/wp\/v2\/comments?post=24247"}],"version-history":[{"count":0,"href":"https:\/\/247stiri.ro\/index.php\/wp-json\/wp\/v2\/posts\/24247\/revisions"}],"wp:featuredmedia":[{"embeddable":true,"href":"https:\/\/247stiri.ro\/index.php\/wp-json\/wp\/v2\/media\/24248"}],"wp:attachment":[{"href":"https:\/\/247stiri.ro\/index.php\/wp-json\/wp\/v2\/media?parent=24247"}],"wp:term":[{"taxonomy":"category","embeddable":true,"href":"https:\/\/247stiri.ro\/index.php\/wp-json\/wp\/v2\/categories?post=24247"},{"taxonomy":"post_tag","embeddable":true,"href":"https:\/\/247stiri.ro\/index.php\/wp-json\/wp\/v2\/tags?post=24247"}],"curies":[{"name":"wp","href":"https:\/\/api.w.org\/{rel}","templated":true}]}}