{"id":24250,"date":"2025-01-15T07:45:25","date_gmt":"2025-01-15T07:45:25","guid":{"rendered":"https:\/\/247stiri.ro\/index.php\/2025\/01\/15\/noua-plangere-penala-la-parchetul-general-in-cazul-voturilor-directionate-de-psd-catre-george-simion\/"},"modified":"2025-01-15T07:45:25","modified_gmt":"2025-01-15T07:45:25","slug":"noua-plangere-penala-la-parchetul-general-in-cazul-voturilor-directionate-de-psd-catre-george-simion","status":"publish","type":"post","link":"https:\/\/247stiri.ro\/index.php\/2025\/01\/15\/noua-plangere-penala-la-parchetul-general-in-cazul-voturilor-directionate-de-psd-catre-george-simion\/","title":{"rendered":"Nou\u0103 pl\u00e2ngere penal\u0103 la Parchetul General \u00een cazul voturilor direc\u021bionate de PSD c\u0103tre George Simion"},"content":{"rendered":"<p>Deputatul Emanuel Ungureanu a anun\u021bat public c\u0103 va merge la Parchetul General pentru a depune o pl\u00e2ngere penal\u0103 \u00eempotriva liderilor PSD, pe care \u00eei acuz\u0103 de manipulare electoral\u0103. Marcel Ciolacu \u0219i Alfred Simonis au recunoscut pe TikTok c\u0103 au direc\u021bionat voturi c\u0103tre Simion \u00een cadrul scrutinului.<\/p>\n<p>Luni, la solicitarea Realitatea PLUS, Parchetul General a transmis o declara\u021bie \u00een care subliniaz\u0103 c\u0103 urm\u0103rirea penal\u0103 este confiden\u021bial\u0103 \u0219i c\u0103 nu poate dezv\u0103lui dac\u0103 exist\u0103 sau nu un dosar penal deschis \u00een acest caz.<\/p>\n<p>Afirma\u021biile liderilor PSD au fost f\u0103cute pe TikTok \u0219i au st\u00e2rnit un val de reac\u021bii \u00een spa\u021biul public, fiind considerate de mul\u021bi o form\u0103 de autodenun\u021b. Mai mul\u021bi politicieni din opozi\u021bie au cerut explica\u021bii oficiale din partea PSD, acuz\u00e2nd partidul c\u0103 ar fi orchestrat o campanie subteran\u0103 pentru influen\u021barea rezultatului alegerilor preziden\u021biale.<\/p>\n<p>Marcel Ciolacu s-a scuzat ulterior \u0219i a spus c\u0103 totul \u201ea fost o glum\u0103\u201d.<\/p>\n<p><a href=\"https:\/\/www.realitatea.net\/stiri\/actual\/anuntbomba-al-parchetului-general-dupa-autodenuntul-liderilor-psd-privind-voturile-urmarirea-penala-nu-este-publica_6784de49eea1c02201387672\" target=\"_blank\">ANUN\u021a-BOMB\u0102 al Parchetului General dup\u0103 auto-denun\u021bul liderilor PSD privind voturile: Urm\u0103rirea penal\u0103 nu este public\u0103<\/a><\/p>","protected":false},"excerpt":{"rendered":"<p>Deputatul Emanuel Ungureanu a anun\u021bat public c\u0103 va merge la Parchetul General pentru a depune&hellip;<\/p>\n","protected":false},"author":0,"featured_media":24251,"comment_status":"open","ping_status":"open","sticky":false,"template":"","format":"standard","meta":{"footnotes":""},"categories":[2],"tags":[],"class_list":["post-24250","post","type-post","status-publish","format-standard","has-post-thumbnail","hentry","category-actual"],"_links":{"self":[{"href":"https:\/\/247stiri.ro\/index.php\/wp-json\/wp\/v2\/posts\/24250","targetHints":{"allow":["GET"]}}],"collection":[{"href":"https:\/\/247stiri.ro\/index.php\/wp-json\/wp\/v2\/posts"}],"about":[{"href":"https:\/\/247stiri.ro\/index.php\/wp-json\/wp\/v2\/types\/post"}],"replies":[{"embeddable":true,"href":"https:\/\/247stiri.ro\/index.php\/wp-json\/wp\/v2\/comments?post=24250"}],"version-history":[{"count":0,"href":"https:\/\/247stiri.ro\/index.php\/wp-json\/wp\/v2\/posts\/24250\/revisions"}],"wp:featuredmedia":[{"embeddable":true,"href":"https:\/\/247stiri.ro\/index.php\/wp-json\/wp\/v2\/media\/24251"}],"wp:attachment":[{"href":"https:\/\/247stiri.ro\/index.php\/wp-json\/wp\/v2\/media?parent=24250"}],"wp:term":[{"taxonomy":"category","embeddable":true,"href":"https:\/\/247stiri.ro\/index.php\/wp-json\/wp\/v2\/categories?post=24250"},{"taxonomy":"post_tag","embeddable":true,"href":"https:\/\/247stiri.ro\/index.php\/wp-json\/wp\/v2\/tags?post=24250"}],"curies":[{"name":"wp","href":"https:\/\/api.w.org\/{rel}","templated":true}]}}