{"id":24265,"date":"2025-01-15T08:44:50","date_gmt":"2025-01-15T08:44:50","guid":{"rendered":"https:\/\/247stiri.ro\/index.php\/2025\/01\/15\/doi-soti-batuti-cu-salbaticie-de-cersetori-sub-ochii-copiilor-in-parcarea-unui-supermarket-incident-cu-repetitie\/"},"modified":"2025-01-15T08:44:50","modified_gmt":"2025-01-15T08:44:50","slug":"doi-soti-batuti-cu-salbaticie-de-cersetori-sub-ochii-copiilor-in-parcarea-unui-supermarket-incident-cu-repetitie","status":"publish","type":"post","link":"https:\/\/247stiri.ro\/index.php\/2025\/01\/15\/doi-soti-batuti-cu-salbaticie-de-cersetori-sub-ochii-copiilor-in-parcarea-unui-supermarket-incident-cu-repetitie\/","title":{"rendered":"Doi so\u021bi, b\u0103tu\u021bi cu s\u0103lb\u0103ticie de cer\u0219etori, sub ochii copiilor, \u00een parcarea unui supermarket. Incident cu repeti\u021bie!"},"content":{"rendered":"<p>Incidentul violent a avut loc duminic\u0103, \u00een parcarea supermarketului Kaufland, de pe strada Independen\u021bei. Cei doi se aflau la cump\u0103r\u0103turi, al\u0103turi de cei doi copii ai lor, de 3 \u0219i 11 ani.<\/p>\n<p>Au fost aborda\u021bi de cer\u0219etori at\u00e2t la intrarea \u00een supermarket, c\u00e2t \u0219i la ie\u0219ire. Totul s-a \u00eent\u00e2mplat \u00een plin\u0103 zi, \u00een jurul orei 15:00.<\/p>\n<p>La ie\u0219irea din supermarket, pe bistri\u021beanc\u0103 a abordat-o o adolescent\u0103, care i-a cerut bani, iar c\u00e2nd bistri\u021beanca i-a spus c\u0103 nu \u00eei d\u0103 s-a ales cu un val de \u00eenjur\u0103turi \u0219i jigniri. Atunci a intervenit so\u021bul femeii, care \u00een acele momente \u00eel punea pe mezinul familiei \u00een scaunul de la ma\u0219in\u0103, \u0219i i-a spus adolescentei s\u0103 plece de acolo.<\/p>\n<p>\u00cen scurt timp, cei doi au fost \u00eenconjura\u021bi de o ga\u0219c\u0103 de cer\u0219etori, care au \u00eenceput s\u0103 \u00eei jigneasc\u0103. Erau \u00een jur de 5-6 persoane, printre care \u0219i minori \u0219i fete tinere. Bistri\u021beanul agresat le-a spus la un moment dat: \u201eda\u021bi-i drumul de aici, la munc\u0103\u201d, moment \u00een care cer\u0219etorii \u0219i-au pierdut min\u021bile, iar unul dintre ei \u0219i-a dat geaca jos.<\/p>\n<p>B\u0103rbatul l-a \u00eentrebat pe cer\u0219etor: \u201eCe \u00ee\u021bi dai geaca jos de pe tine? Ai chef de b\u0103taie?\u201d, moment \u00een care \u0219i-a luat un pumn \u00een fa\u021b\u0103 de la individ. So\u021bia sa a intervenit, iar altul a lovit-o cu piciorul peste m\u00e2n\u0103 \u0219i a \u00eempins-o, moment \u00een care aceasta a c\u0103zut jos.<\/p>\n<p>\u00centreaga scen\u0103 era privit\u0103 din ma\u0219in\u0103 de cei doi copii ai cuplului. La un moment dat, fiica cea mare de 11 ani s-a dat jos din ma\u0219in\u0103 a mers l\u00e2ng\u0103 cer\u0219etori \u0219i a \u00eenceput s\u0103 \u021bipe, iar atunci au intervenit \u0219i alte persoane care se aflau la cump\u0103r\u0103turi \u0219i i-au \u021binut pe cer\u0219etori.<\/p>\n<p>\u201eFata noastr\u0103 nu mai doarme de atunci. Se treze\u0219te noaptea pl\u00e2ng\u00e2nd. Cel mic pl\u00e2nge c\u00e2nd \u00eel vede pe tat\u0103l lui lovit. Suntem \u00een stare de \u0219oc. Nu mai calc c\u00e2t tr\u0103iesc \u00een acel Kaufland. Nu e normal s\u0103-\u021bi fie fric\u0103 s\u0103 mergi la cump\u0103r\u0103turi\u201d, a declarat femeia, pentru <a href=\"https:\/\/www.bistriteanul.ro\/doi-bistriteni-au-fost-batuti-de-cersetori-in-parcarea-unui-supermarket-sub-ochii-ingroziti-ai-copiilor-lor\/\" target=\"_blank\">Bistri\u021beanul<\/a>.<\/p>\n<p>Femeia a primit de la medicul legist 45-50 de zile de \u00eengrijiri medicale, dup\u0103 ce s-a ales cu o fractur\u0103 de coccis, iar b\u0103rbatul de 14-15 zile cu prelungire, dup\u0103 multiplele r\u0103ni la fa\u021b\u0103 \u0219i um\u0103rul dislocat.<\/p>\n<p>Imediat dup\u0103 incident, agresorii s-au f\u0103cut nev\u0103zu\u021bi. Poli\u021bi\u0219tii i-au prins pe doi dintre agresori la scurt timp dup\u0103 agresiune, chiar \u00eentr-o sta\u021bie de autobuz din apropiere. Se pare c\u0103 ace\u0219tia sunt din Beclean \u0219i respectiv Viile Tecii.<\/p>\n<p>\u201eLa data de 12 ianuarie a.c., poli\u021bi\u0219tii din cadrul Poli\u021biei municipiului Bistri\u021ba au fost sesiza\u021bi cu privire la faptul ca doua persoane ar fi fost agresate fizic, \u00een zona unui supermarket din municipiu. \u00cen urma interven\u021biei, poli\u021bi\u0219tii au constatat faptul c\u0103 doi tineri de 20, respectiv 25 de ani din Beclean \u0219i Viile Tecii, pe fondul unui conflict spontan ar fi agresat fizic dou\u0103 persoane. Poli\u021bi\u0219tii din cadrul Biroului de Ordine Publica au \u00eentocmit un dosar de cercetare penal\u0103 urm\u00e2nd ca dup\u0103 administrarea probatoriului s\u0103 fie propus\u0103 solu\u021bie legal\u0103 prin Parchetul de pe l\u00e2ng\u0103 Judec\u0103toria Bistri\u021ba\u201d, a declarat pentru Bistri\u021beanul.ro, Paul Rodil\u0103, purt\u0103torul de cuv\u00e2nt al IPJ BN.<\/p>\n<p>Reprezentan\u021bii supermarketului spun c\u0103 au extins paza \u0219i la parcare \u0219i c\u0103 ofer\u0103 tot sprijinul necesar desf\u0103\u0219ur\u0103rii investiga\u021biei poli\u021biei.<\/p>\n<p>\u201eRegret\u0103m acest incident \u0219i depunem toate eforturile pentru men\u021binerea celor mai bune standarde de siguran\u021b\u0103 \u00een loca\u021biile noastre. \u00cen urma conflictului iscat \u00een parcarea magazinului, \u00een data de 12.01, autorit\u0103\u021bile competente au demarat o anchet\u0103 astfel c\u0103 suntem \u00een str\u00e2ns\u0103 leg\u0103tur\u0103 cu ace\u0219tia \u0219i le oferim tot sprijinul necesar bunei desf\u0103\u0219ur\u0103ri a investiga\u021biei. Pentru a preveni astfel de situa\u021bii pe viitor, am implementat deja m\u0103suri suplimentare, printre care extinderea echipei de paz\u0103 \u00een parcare. Condamn\u0103m ferm orice tip de agresiune \u0219i \u00eencuraj\u0103m clien\u021bii s\u0103 ia atitudine sesiz\u00e2nd colegilor din interiorul magazinului c\u00e2nd astfel de incidente au loc\u201d, spune Kaufland Rom\u00e2nia.<\/p>","protected":false},"excerpt":{"rendered":"<p>Incidentul violent a avut loc duminic\u0103, \u00een parcarea supermarketului Kaufland, de pe strada Independen\u021bei. Cei&hellip;<\/p>\n","protected":false},"author":0,"featured_media":24266,"comment_status":"open","ping_status":"open","sticky":false,"template":"","format":"standard","meta":{"footnotes":""},"categories":[2],"tags":[],"class_list":["post-24265","post","type-post","status-publish","format-standard","has-post-thumbnail","hentry","category-actual"],"_links":{"self":[{"href":"https:\/\/247stiri.ro\/index.php\/wp-json\/wp\/v2\/posts\/24265","targetHints":{"allow":["GET"]}}],"collection":[{"href":"https:\/\/247stiri.ro\/index.php\/wp-json\/wp\/v2\/posts"}],"about":[{"href":"https:\/\/247stiri.ro\/index.php\/wp-json\/wp\/v2\/types\/post"}],"replies":[{"embeddable":true,"href":"https:\/\/247stiri.ro\/index.php\/wp-json\/wp\/v2\/comments?post=24265"}],"version-history":[{"count":0,"href":"https:\/\/247stiri.ro\/index.php\/wp-json\/wp\/v2\/posts\/24265\/revisions"}],"wp:featuredmedia":[{"embeddable":true,"href":"https:\/\/247stiri.ro\/index.php\/wp-json\/wp\/v2\/media\/24266"}],"wp:attachment":[{"href":"https:\/\/247stiri.ro\/index.php\/wp-json\/wp\/v2\/media?parent=24265"}],"wp:term":[{"taxonomy":"category","embeddable":true,"href":"https:\/\/247stiri.ro\/index.php\/wp-json\/wp\/v2\/categories?post=24265"},{"taxonomy":"post_tag","embeddable":true,"href":"https:\/\/247stiri.ro\/index.php\/wp-json\/wp\/v2\/tags?post=24265"}],"curies":[{"name":"wp","href":"https:\/\/api.w.org\/{rel}","templated":true}]}}