{"id":24267,"date":"2025-01-15T08:44:51","date_gmt":"2025-01-15T08:44:51","guid":{"rendered":"https:\/\/247stiri.ro\/index.php\/2025\/01\/15\/michelle-obama-nu-va-participa-la-investirea-lui-trump-fostul-presedinte-obama-va-fi-prezent\/"},"modified":"2025-01-15T08:44:51","modified_gmt":"2025-01-15T08:44:51","slug":"michelle-obama-nu-va-participa-la-investirea-lui-trump-fostul-presedinte-obama-va-fi-prezent","status":"publish","type":"post","link":"https:\/\/247stiri.ro\/index.php\/2025\/01\/15\/michelle-obama-nu-va-participa-la-investirea-lui-trump-fostul-presedinte-obama-va-fi-prezent\/","title":{"rendered":"Michelle Obama nu va participa la \u00eenvestirea lui Trump. Fostul pre\u0219edinte Obama va fi prezent"},"content":{"rendered":"<p>\u201eFostul pre\u015fedinte Barack Obama are participarea confirmat\u0103 la cea de-a 60-a ceremonie de \u00eenvestire. Fosta prim\u0103-doamn\u0103 Michelle Obama nu va participa la apropiata \u00eenvestire\u201d, se arat\u0103 \u00eentr-un comunicat al Biroului lui Barack \u015fi Michelle Obama.<\/p>\n<p>Decizia de a nu participa la \u00eenvestirea oficial\u0103 a lui Trump reprezint\u0103 o ruptur\u0103 cu tradi\u0163ia ceremoniei, la care particip\u0103 de obicei fo\u015ftii pre\u015fedin\u0163i \u015fi so\u0163iile acestora. Fostul pre\u015fedinte George W. Bush \u015fi Laura Bush vor participa la ceremonie, a confirmat biroul lor, iar surse au declarat pentru CNN c\u0103 \u015fi fostul pre\u015fedinte Bill Clinton \u015fi so\u0163ia sa Hillary Clinton, fost\u0103 rival\u0103 a lui Donald Trump la pre\u015fedin\u0163ie, vor fi prezen\u0163i.<\/p>\n<p>Michelle Obama nu a fost prezent\u0103 \u00eens\u0103 s\u0103pt\u0103m\u00e2na trecut\u0103 nici la slujba de comemorare a fostului pre\u015fedinte Jimmy Carter, ea r\u0103m\u00e2n\u00e2nd \u00een Hawaii. Fostul pre\u015fedinte Barack Obama a participat la slujba de la Catedrala Na\u0163ional\u0103 din Washington, st\u00e2nd l\u00e2ng\u0103 Trump \u015fi purt\u00e2nd o conversa\u0163ie relaxat\u0103 cu el \u00een timp ce programul \u00eencepea. Fostele prime-doamne\u00a0Hillary Clinton \u015fi Laura Bush au participat, \u00een schimb, am\u00e2ndou\u0103 la evenimentul Carter.<\/p>\n<p>Michelle Obama a vorbit deschis despre animozitatea sa fa\u0163\u0103 de Trump, pe care l-a acuzat c\u0103 pune \u00een pericol siguran\u0163a familiei sale prin retorica sa. \u00cen 2017, ea a l\u0103sat deoparte aceste sentimente personale dup\u0103 ce Trump a c\u00e2\u015ftigat prima dat\u0103 alegerile preziden\u0163iale, \u00eent\u00e2mpin\u00e2ndu-i pe viitorul pre\u015fedinte \u015fi pe Melania Trump la Casa Alb\u0103 la un ceai \u00eenainte de depunerea jur\u0103m\u00e2ntului \u00een acel an.<\/p>\n<p>\u00cen anii care au urmat, ea a vorbit despre experien\u0163a de a sta pe scen\u0103 \u00een timp ce Trump depunea jur\u0103m\u00e2ntul. \u201eAu fost lacrimi, a fost acea emo\u0163ie. Dar apoi s\u0103 stai pe acea scen\u0103 \u015fi s\u0103 prive\u015fti opusul a ceea ce am reprezentat pe ecran &#8211; nu a existat diversitate, nu a existat culoare pe acea scen\u0103, nu a existat nicio reflectare a sensului mai larg al Americii\u201d, a spus ea \u00eentr-un podcast \u00een 2023.<\/p>\n<p>Familia Trump nu a participat la \u00eenvestirea pre\u015fedintelui Joe Biden \u00een 2021, pe fondul afirma\u0163iilor false ale lui Donald Trump c\u0103 el a c\u00e2\u015ftigat, de fapt, alegerile din 2020.<\/p>","protected":false},"excerpt":{"rendered":"<p>\u201eFostul pre\u015fedinte Barack Obama are participarea confirmat\u0103 la cea de-a 60-a ceremonie de \u00eenvestire. Fosta&hellip;<\/p>\n","protected":false},"author":0,"featured_media":24262,"comment_status":"open","ping_status":"open","sticky":false,"template":"","format":"standard","meta":{"footnotes":""},"categories":[2],"tags":[],"class_list":["post-24267","post","type-post","status-publish","format-standard","has-post-thumbnail","hentry","category-actual"],"_links":{"self":[{"href":"https:\/\/247stiri.ro\/index.php\/wp-json\/wp\/v2\/posts\/24267","targetHints":{"allow":["GET"]}}],"collection":[{"href":"https:\/\/247stiri.ro\/index.php\/wp-json\/wp\/v2\/posts"}],"about":[{"href":"https:\/\/247stiri.ro\/index.php\/wp-json\/wp\/v2\/types\/post"}],"replies":[{"embeddable":true,"href":"https:\/\/247stiri.ro\/index.php\/wp-json\/wp\/v2\/comments?post=24267"}],"version-history":[{"count":0,"href":"https:\/\/247stiri.ro\/index.php\/wp-json\/wp\/v2\/posts\/24267\/revisions"}],"wp:featuredmedia":[{"embeddable":true,"href":"https:\/\/247stiri.ro\/index.php\/wp-json\/wp\/v2\/media\/24262"}],"wp:attachment":[{"href":"https:\/\/247stiri.ro\/index.php\/wp-json\/wp\/v2\/media?parent=24267"}],"wp:term":[{"taxonomy":"category","embeddable":true,"href":"https:\/\/247stiri.ro\/index.php\/wp-json\/wp\/v2\/categories?post=24267"},{"taxonomy":"post_tag","embeddable":true,"href":"https:\/\/247stiri.ro\/index.php\/wp-json\/wp\/v2\/tags?post=24267"}],"curies":[{"name":"wp","href":"https:\/\/api.w.org\/{rel}","templated":true}]}}