{"id":24268,"date":"2025-01-15T08:44:51","date_gmt":"2025-01-15T08:44:51","guid":{"rendered":"https:\/\/247stiri.ro\/index.php\/2025\/01\/15\/barbat-din-judetul-olt-la-un-pas-de-moarte-dupa-ce-a-fost-zgariat-de-o-pisica-noptile-erau-insuportabile-frisoane-ma-puneam-pe-jos\/"},"modified":"2025-01-15T08:44:51","modified_gmt":"2025-01-15T08:44:51","slug":"barbat-din-judetul-olt-la-un-pas-de-moarte-dupa-ce-a-fost-zgariat-de-o-pisica-noptile-erau-insuportabile-frisoane-ma-puneam-pe-jos","status":"publish","type":"post","link":"https:\/\/247stiri.ro\/index.php\/2025\/01\/15\/barbat-din-judetul-olt-la-un-pas-de-moarte-dupa-ce-a-fost-zgariat-de-o-pisica-noptile-erau-insuportabile-frisoane-ma-puneam-pe-jos\/","title":{"rendered":"B\u0103rbat din jude\u021bul Olt, la un pas de moarte dup\u0103 ce a fost zg\u00e2riat de o pisic\u0103: &#8222;Nop\u021bile erau insuportabile, frisoane, m\u0103 puneam pe jos&#8221;"},"content":{"rendered":"<p>Accidentul s-a petrecut \u00een prag de Anul Nou. B\u0103rbatul locuie\u0219te \u00een jude\u021bul Olt, \u00eentr-o localitate rural\u0103 de l\u00e2ng\u0103 ora\u0219ul Bal\u0219. \u201ePisica a fugit \u00een cas\u0103. Am luat-o pe m\u00e2ini s\u0103 o scot din cas\u0103 \u0219i, c\u00e2nd am aruncat-o, s-a ag\u0103\u021bat cu gheara. Diminea\u021ba am \u00eenceput s\u0103 am m\u00e2nc\u0103rimi acolo. M-am sc\u0103rpinat, \u00een c\u00e2teva ore se inflamase. Cu timpul a \u00eenceput \u0219i mai mult, \u0219i mai mult. Am crezut c\u0103 nu e a\u0219a de grav. M\u00e2nc\u0103rimi, dup\u0103 aceea nu am mai avut m\u00e2nc\u0103rimi. Am crezut c\u0103 o s\u0103 umfle \u0219i o s\u0103 dea \u00eenapoi\u201d, a povestit b\u0103rbatul.<\/p>\n<p>De abia la \u0219ase zile de la traumatism s-a prezentat \u00een serviciul de Primiri Urgen\u021be al Spitalului Jude\u021bean de Urgen\u021b\u0103 Slatina. \u201eA fost preluat de c\u0103tre medicul Infec\u021bionist, cu diagnosticul de sindrom febril accentuat, asta se \u00eent\u00e2mpla pe la ora pr\u00e2nzului, dup\u0103 care, noaptea, pe la ora 2,00, am fost solicitat s\u0103 v\u0103d pacientul. \u00cen momentul c\u00e2nd l-am v\u0103zut, efectiv nu \u0219tiam de unde s\u0103 \u00eencep. Era cu o stare general\u0103 alterat\u0103 foarte-foarte r\u0103u\u201d, a explicat medicul chirurg plastician Florin Popa.<\/p>\n<p>I s-au efectuat \u0219i alte investiga\u021bii, fiind diagnosticat cu fasceit\u0103 necrozant\u0103, \u201eo patologie cu rat\u0103 de deces foarte-foarte mare\u201d, a precizat medicul.<\/p>\n<p>\u201eAm intrat cu el \u00een sal\u0103, am incizat \u0219i am scos toate fasciile, toat\u0103 m\u00e2na este t\u0103iat\u0103 de sus p\u00e2n\u0103 jos, \u0219i pe fa\u021b\u0103 \u0219i pe dos, mai pe \u00een\u021belesul tuturor. S-a drenat, s-a pus&#8230;\u201d, a continuat medicul. Analizele de laborator au relevat prezen\u021ba streptococului responsabil de fasceita necrozant\u0103. A \u00eenceput cursa pentru a-i fi salvat\u0103 b\u0103rbatului via\u021ba, spune medicul. Familiei i s-au prezentat riscurile, inclusiv acela ca b\u0103rbatul de 46 ani s\u0103-\u0219i piard\u0103 via\u021ba.<\/p>\n<p>\u201eDiminea\u021ba a fost operat, dup\u0103 care \u00eenc\u0103 aproximativ trei-patru ori \u00een fiecare zi. Interven\u021bii chirurgicale seriate \u0219i repetate, s\u00e2nge, albumin\u0103, tot ce-\u021bi trece prin cap s\u0103-l reechilibrezi\u201d, a mai precizat dr. Popa.\u00a0<\/p>\n<p>Pentru c\u0103 pacientul nu este mare consumator de carne, \u00een plus avea \u0219i alte caren\u021be \u00een antecedente, demersul pentru a fi reechilibrat a fost \u0219i mai dificil.<\/p>\n<p>\u201eOpera\u021bia poate c\u0103 este jum\u0103tate, restul este reechilibrare, munc\u0103, asistentele care stau \u0219i perfuzeaz\u0103&#8230; Interven\u021biile nu s-au \u00eencheiat. I-am salvat via\u021ba, acum trebuie s\u0103-i salv\u0103m \u0219i membrul. Acum ne ax\u0103m s\u0103-i salv\u0103m m\u00e2na, este t\u00e2n\u0103r, are 46 ani, omul trebuie s\u0103 munceasc\u0103\u201d, a completat chirurgul plastician.<\/p>\n<p>\u0218irul interven\u021biilor nu s-a \u00eencheiat, spitalizarea \u00een acest caz fiind estimat\u0103 la peste o lun\u0103.<\/p>\n<p>Pacientul a m\u0103rturisit c\u0103 s-a decis s\u0103 mearg\u0103 la spital c\u00e2nd situa\u021bia a devenit cu adev\u0103rat insuportabil\u0103. \u201eNop\u021bile erau insuportabile, frisoane, m\u0103 puneam pe jos\u201d, a descris pacientul st\u0103rile prin care a trecut. Medicul, la r\u00e2ndul s\u0103u, spune c\u0103 dac\u0103 se \u00eent\u00e2rzia \u00eenc\u0103 24 ore prezentarea la spital putea fi mult prea t\u00e2rziu. A avut emo\u021bii mari, mai spune medicul, \u0219tiind ce se poate \u00eent\u00e2mpla, pentru c\u0103 este al patrulea caz de acest fel din carier\u0103, iar din cei trei pacien\u021bi trata\u021bi anterior doar unul a fost salvat.<\/p>\n<p>Medicul infec\u021bionist Oana Obretin spune c\u0103 \u00een astfel de cazuri primul gest este acela de a sp\u0103la rana, cel pu\u021bin cu ap\u0103 \u0219i s\u0103pun, dup\u0103 care prezentarea \u00een serviciul de urgen\u021b\u0103 trebuie f\u0103cut\u0103 f\u0103r\u0103 \u00eent\u00e2rziere, scrie <a href=\"https:\/\/adevarul.ro\/stiri-locale\/slatina\/un-barbat-de-46-ani-la-un-pas-de-moarte-de-la-o-2414817.html\" target=\"_blank\">adevarul.ro<\/a>. Asta pentru c\u0103 astfel de evenimente sunt \u00eenso\u021bite de un risc mare de rabie (chiar dac\u0103 nu s-a \u00eent\u00e2mplat asta \u00een cazul prezentat), iar rabia este afec\u021biunea cu cel mai \u00eenalt risc de deces.<\/p>\n<p>Fasceita necrozant\u0103 se declan\u0219eaz\u0103 prin invazia organismului de c\u0103tre agen\u021bi patogeni, \u00een special bacterii precum Streptococcus pyogenes si Clostridium perfringens. Microbii p\u0103trund \u00een corp prin r\u0103ni deschise, oric\u00e2t de mici, sau incizii ca urmare a unor interven\u021bii chirurgicale, atac\u00e2nd \u021besuturile subcutanate \u0219i fasciile musculare, iar ajun\u0219i \u00a0\u00een corp se elibereaz\u0103 toxine care favorizeaz\u0103 formarea de cheaguri sanguine care duc la necrozarea \u021besuturilor afectate.<\/p>","protected":false},"excerpt":{"rendered":"<p>Accidentul s-a petrecut \u00een prag de Anul Nou. B\u0103rbatul locuie\u0219te \u00een jude\u021bul Olt, \u00eentr-o localitate&hellip;<\/p>\n","protected":false},"author":0,"featured_media":24258,"comment_status":"open","ping_status":"open","sticky":false,"template":"","format":"standard","meta":{"footnotes":""},"categories":[2],"tags":[],"class_list":["post-24268","post","type-post","status-publish","format-standard","has-post-thumbnail","hentry","category-actual"],"_links":{"self":[{"href":"https:\/\/247stiri.ro\/index.php\/wp-json\/wp\/v2\/posts\/24268","targetHints":{"allow":["GET"]}}],"collection":[{"href":"https:\/\/247stiri.ro\/index.php\/wp-json\/wp\/v2\/posts"}],"about":[{"href":"https:\/\/247stiri.ro\/index.php\/wp-json\/wp\/v2\/types\/post"}],"replies":[{"embeddable":true,"href":"https:\/\/247stiri.ro\/index.php\/wp-json\/wp\/v2\/comments?post=24268"}],"version-history":[{"count":0,"href":"https:\/\/247stiri.ro\/index.php\/wp-json\/wp\/v2\/posts\/24268\/revisions"}],"wp:featuredmedia":[{"embeddable":true,"href":"https:\/\/247stiri.ro\/index.php\/wp-json\/wp\/v2\/media\/24258"}],"wp:attachment":[{"href":"https:\/\/247stiri.ro\/index.php\/wp-json\/wp\/v2\/media?parent=24268"}],"wp:term":[{"taxonomy":"category","embeddable":true,"href":"https:\/\/247stiri.ro\/index.php\/wp-json\/wp\/v2\/categories?post=24268"},{"taxonomy":"post_tag","embeddable":true,"href":"https:\/\/247stiri.ro\/index.php\/wp-json\/wp\/v2\/tags?post=24268"}],"curies":[{"name":"wp","href":"https:\/\/api.w.org\/{rel}","templated":true}]}}