{"id":24271,"date":"2025-01-15T08:44:52","date_gmt":"2025-01-15T08:44:52","guid":{"rendered":"https:\/\/247stiri.ro\/index.php\/2025\/01\/15\/protestele-politistilor-continua-agentii-refuza-sa-mai-faca-ore-suplimentare-revolta-in-fata-mai-multor-inspectorate-judetene\/"},"modified":"2025-01-15T08:44:52","modified_gmt":"2025-01-15T08:44:52","slug":"protestele-politistilor-continua-agentii-refuza-sa-mai-faca-ore-suplimentare-revolta-in-fata-mai-multor-inspectorate-judetene","status":"publish","type":"post","link":"https:\/\/247stiri.ro\/index.php\/2025\/01\/15\/protestele-politistilor-continua-agentii-refuza-sa-mai-faca-ore-suplimentare-revolta-in-fata-mai-multor-inspectorate-judetene\/","title":{"rendered":"Protestele poli\u021bi\u0219tilor continu\u0103. Agen\u021bii refuz\u0103 s\u0103 mai fac\u0103 ore suplimentare. Revolt\u0103 \u00een fa\u021ba mai multor inspectorate jude\u021bene"},"content":{"rendered":"<p>Situa\u021bia din sistemul de ordine public\u0103 se deterioreaz\u0103, iar nemul\u021bumirile poli\u021bi\u0219tilor escaladeaz\u0103 la nivel na\u021bional. Zeci de agen\u021bi de poli\u021bie din mai multe jude\u021be ale \u021b\u0103rii s-au mobilizat \u0219i au depus oficial cereri prin care refuz\u0103 s\u0103 mai efectueze ore suplimentare, o m\u0103sur\u0103 prin care \u00ee\u0219i exprim\u0103 nemul\u021bumirea fa\u021b\u0103 de hot\u0103r\u00e2rile Guvernului.<\/p>\n<p>\u201eEste foarte grav. Toat\u0103 lumea pierde. \u00cen primul r\u00e2nd oamenii din strad\u0103. Tot ce \u00eenseamn\u0103 ordine public\u0103, poli\u021bie rutier\u0103, practic to\u021bi colegii care asigur\u0103 lini\u0219tea \u0219i siguran\u021ba cet\u0103\u021beanului sunt afecta\u021bi. Sunt afecta\u021bi foarte, foarte mult. Poate pentru \u0219efii no\u0219tri de la Bucure\u0219ti 1.500 de lei nu \u00eenseamn\u0103 nimic. Pentru un poli\u021bist din strad\u0103 1.500 de lei \u00eenseamn\u0103 banii pe care \u00eei mai au s\u0103 tr\u0103iasc\u0103 de la o lun\u0103 la alta.  Au copii, au familii, au rate. Nu, nu, nu, e cr\u00e2ncen. Pentru c\u0103, g\u00e2ndi\u021bi-v\u0103, ne-am \u00eentors \u00een 2010, practic. Atunci c\u00e2nd nu mai aveam, dup\u0103 t\u0103ierile salariale, nu mai puteau s\u0103-\u0219i pl\u0103teasc\u0103 ratele la banc\u0103. Am avut colegi care atunci \u0219i-au dat demisia din poli\u021bie \u0219i au plecat \u00een str\u0103in\u0103tatea s\u0103 lucreze ca orice. Pentru c\u0103 nu mai puteau s\u0103-\u0219i pl\u0103teasc\u0103 ratele la banc\u0103, \u0219i-au pierdut casele\u201d, a spus un comisar de poli\u021bie de la IPJ Giurgiu, \u00een exclusivitate la Realitatea PLUS.<\/p>\n<p>\u00a0<\/p>","protected":false},"excerpt":{"rendered":"<p>Situa\u021bia din sistemul de ordine public\u0103 se deterioreaz\u0103, iar nemul\u021bumirile poli\u021bi\u0219tilor escaladeaz\u0103 la nivel na\u021bional.&hellip;<\/p>\n","protected":false},"author":0,"featured_media":24272,"comment_status":"open","ping_status":"open","sticky":false,"template":"","format":"standard","meta":{"footnotes":""},"categories":[2],"tags":[],"class_list":["post-24271","post","type-post","status-publish","format-standard","has-post-thumbnail","hentry","category-actual"],"_links":{"self":[{"href":"https:\/\/247stiri.ro\/index.php\/wp-json\/wp\/v2\/posts\/24271","targetHints":{"allow":["GET"]}}],"collection":[{"href":"https:\/\/247stiri.ro\/index.php\/wp-json\/wp\/v2\/posts"}],"about":[{"href":"https:\/\/247stiri.ro\/index.php\/wp-json\/wp\/v2\/types\/post"}],"replies":[{"embeddable":true,"href":"https:\/\/247stiri.ro\/index.php\/wp-json\/wp\/v2\/comments?post=24271"}],"version-history":[{"count":0,"href":"https:\/\/247stiri.ro\/index.php\/wp-json\/wp\/v2\/posts\/24271\/revisions"}],"wp:featuredmedia":[{"embeddable":true,"href":"https:\/\/247stiri.ro\/index.php\/wp-json\/wp\/v2\/media\/24272"}],"wp:attachment":[{"href":"https:\/\/247stiri.ro\/index.php\/wp-json\/wp\/v2\/media?parent=24271"}],"wp:term":[{"taxonomy":"category","embeddable":true,"href":"https:\/\/247stiri.ro\/index.php\/wp-json\/wp\/v2\/categories?post=24271"},{"taxonomy":"post_tag","embeddable":true,"href":"https:\/\/247stiri.ro\/index.php\/wp-json\/wp\/v2\/tags?post=24271"}],"curies":[{"name":"wp","href":"https:\/\/api.w.org\/{rel}","templated":true}]}}