{"id":24273,"date":"2025-01-15T08:44:52","date_gmt":"2025-01-15T08:44:52","guid":{"rendered":"https:\/\/247stiri.ro\/index.php\/2025\/01\/15\/ministrul-dezvoltarii-anunta-ca-viitorul-cod-al-urbanismului-va-usura-procesul-de-obtinere-a-autorizatiilor-de-constructie\/"},"modified":"2025-01-15T08:44:52","modified_gmt":"2025-01-15T08:44:52","slug":"ministrul-dezvoltarii-anunta-ca-viitorul-cod-al-urbanismului-va-usura-procesul-de-obtinere-a-autorizatiilor-de-constructie","status":"publish","type":"post","link":"https:\/\/247stiri.ro\/index.php\/2025\/01\/15\/ministrul-dezvoltarii-anunta-ca-viitorul-cod-al-urbanismului-va-usura-procesul-de-obtinere-a-autorizatiilor-de-constructie\/","title":{"rendered":"Ministrul Dezvolt\u0103rii anun\u021b\u0103 c\u0103 viitorul Cod al urbanismului va u\u0219ura procesul de ob\u0163inere a autoriza\u0163iilor de construc\u021bie"},"content":{"rendered":"<p>\u201dNoi suntem \u00een procedura de adoptare a Codului urbanismului. Am discutat foarte mult despre partea asta de reglement\u0103ri \u015fi de lucr\u0103ri publice, pentru c\u0103 primarii, evident, sunt cei care pun \u00een aplicare aceste reglement\u0103ri\u201d, a afirmat Cseke Attila, \u00eentr-o declara\u0163ie f\u0103cut\u0103, mar\u0163i dup\u0103-amiaz\u0103, \u00een jude\u0163ul Prahova.\u00a0Ministrul Dezvolt\u0103rii a precizat c\u0103 viitorul Cod al urbanismului ar urma s\u0103 simplifice mult procedurile necesare edific\u0103rii anumitor tipuri de construc\u0163ii.\u00a0\u201dAm vorbit (cu primarii din Prahova &#8211; n.r.) despre categorii de construc\u0163ii, unele dintre ele care n-ar mai necesita autorizare de construire, pe baza unui simplu amplasament. S\u0103 v\u0103 dau un exemplu, o sta\u0163ie de \u00eenc\u0103rcare electric\u0103 a ma\u015finilor. Ast\u0103zi, practic, trebuie s\u0103-l autorizez pentru c\u0103 \u00eel pui pe domeniul public, dar \u015ftim despre ce este vorba \u00een practic\u0103 \u015fi atunci trebuie s\u0103 simplific\u0103m procedurile, nu s\u0103 le \u00eencurc\u0103m.\u00a0Alte tipuri de construc\u0163ii care vor putea fi construite pe baza unei notific\u0103ri la prim\u0103rie &#8211; terase, garaje, buc\u0103t\u0103rii de var\u0103, chiar \u015fi case de o dimensiune mai mic\u0103 \u00een mediul rural, pe baza unui proiect \u00eentocmit de un specialist, adic\u0103 de un proiectant sau de un arhitect, nu vorbim despre dup\u0103 cum vrea cet\u0103\u0163eanul, dar dac\u0103 ai un proiect de acest fel, cu semn\u0103tura specialistului \u015fi a\u015fa mai departe, notifici prim\u0103ria, prim\u0103ria se uit\u0103 \u00een planul urbanistic zonal \u015fi de detaliu \u015fi vede c\u0103 se \u00eencadreaz\u0103, adic\u0103 acolo se pot construi case \u015fi \u00eemi doresc s\u0103 construiesc case acolo, atunci \u00eei dau liber \u015fi nu mai fac actuala&#8230; aceast\u0103 procedur\u0103 de certificat de urbanism \u015fi autoriza\u0163ie de construire, care \u0163ine luni \u00eentregi \u015fi intr\u0103 \u00eentr-o birocratie inevitabil\u0103\u201d, a explicat ministrul Dezvolt\u0103rii.\u00a0El a precizat c\u0103, potrivit propunerii din Codul Urbanismului, a\u015fa cum aceasta a fost formulat\u0103 \u00een Parlament, pentru o cas\u0103 unifamilial\u0103, ridicat\u0103 \u00een mediul rural, cu o suprafa\u0163\u0103 de maximum 150 de metri p\u0103tra\u0163i \u015fi cu un singur nivel, ar putea s\u0103 nu mai fie nevoie de autoriza\u0163ii, dac\u0103 aceasta este ridicat\u0103 pe baza unor proiecte \u00eentocmite de un specialist.\u00a0\u00a0\u201dAi proiectul, ai venit la prim\u0103rie, prim\u0103ria se uit\u0103 dac\u0103 se \u00eencadreaz\u0103 \u00een tot ceea ce se dore\u015fte a se construi \u00een zona respectiv\u0103, se d\u0103 drumul. Dac\u0103 prim\u0103ria nu este de acord, are posibilitatea \u00een 15 zile s\u0103 spun\u0103: nu sunt de acord, trebuie s\u0103 fii la certificat de urbanism sau autoriza\u0163ie de construire, urm\u0103rind procedura, hai s\u0103 zic, mai ampl\u0103, mai complex\u0103. Deci autorit\u0103\u0163ile locale vor avea ni\u015fte p\u00e2rghii pentru a mai degreva din aceast\u0103 birocra\u0163ie\u201d, a mai afirmat Cseke.\u00a0\u00a0Ministrul a subliniat c\u0103 \u015fi \u00een cazul planurilor urbanistice ale localit\u0103\u0163ilor se vor implementa proceduri simplificate.\u00a0\u201dNoi, prin acest Cod al urbanismului, propunem ni\u015fte mecanisme prin care planurile urbanistice generale ale localit\u0103\u0163ilor, care ast\u0103zi, de la 4, 5, p\u00e2n\u0103 la 7, 8 ani p\u00e2n\u0103 ob\u0163ii toate avizele pentru c\u0103 trebuie s\u0103 ob\u0163in toate avizele de la toate ministerele de resort, vom elimina aceast\u0103 avizare \u00een cascad\u0103, \u00een care te duci separat dup\u0103 fiecare aviz, te duci la urm\u0103torul \u015fi la al cincilea \u00ee\u0163i expir\u0103 primul aviz, pentru c\u0103 se \u00eent\u00e2mpl\u0103, din p\u0103cate, acest lucru. Va fi o avizare unic\u0103, deodat\u0103, la toate ministerele, s\u0103 reducem timpul de avizare\u201d, a mai afirmat Cseke Attila.<\/p>","protected":false},"excerpt":{"rendered":"<p>\u201dNoi suntem \u00een procedura de adoptare a Codului urbanismului. Am discutat foarte mult despre partea&hellip;<\/p>\n","protected":false},"author":0,"featured_media":24274,"comment_status":"open","ping_status":"open","sticky":false,"template":"","format":"standard","meta":{"footnotes":""},"categories":[2],"tags":[],"class_list":["post-24273","post","type-post","status-publish","format-standard","has-post-thumbnail","hentry","category-actual"],"_links":{"self":[{"href":"https:\/\/247stiri.ro\/index.php\/wp-json\/wp\/v2\/posts\/24273","targetHints":{"allow":["GET"]}}],"collection":[{"href":"https:\/\/247stiri.ro\/index.php\/wp-json\/wp\/v2\/posts"}],"about":[{"href":"https:\/\/247stiri.ro\/index.php\/wp-json\/wp\/v2\/types\/post"}],"replies":[{"embeddable":true,"href":"https:\/\/247stiri.ro\/index.php\/wp-json\/wp\/v2\/comments?post=24273"}],"version-history":[{"count":0,"href":"https:\/\/247stiri.ro\/index.php\/wp-json\/wp\/v2\/posts\/24273\/revisions"}],"wp:featuredmedia":[{"embeddable":true,"href":"https:\/\/247stiri.ro\/index.php\/wp-json\/wp\/v2\/media\/24274"}],"wp:attachment":[{"href":"https:\/\/247stiri.ro\/index.php\/wp-json\/wp\/v2\/media?parent=24273"}],"wp:term":[{"taxonomy":"category","embeddable":true,"href":"https:\/\/247stiri.ro\/index.php\/wp-json\/wp\/v2\/categories?post=24273"},{"taxonomy":"post_tag","embeddable":true,"href":"https:\/\/247stiri.ro\/index.php\/wp-json\/wp\/v2\/tags?post=24273"}],"curies":[{"name":"wp","href":"https:\/\/api.w.org\/{rel}","templated":true}]}}