{"id":24276,"date":"2025-01-15T08:44:53","date_gmt":"2025-01-15T08:44:53","guid":{"rendered":"https:\/\/247stiri.ro\/index.php\/2025\/01\/15\/petre-roman-audiat-in-dosarul-mineriadei-fostul-premier-este-acuzat-de-savarsirea-de-infractiuni-contra-umanitatii\/"},"modified":"2025-01-15T08:44:53","modified_gmt":"2025-01-15T08:44:53","slug":"petre-roman-audiat-in-dosarul-mineriadei-fostul-premier-este-acuzat-de-savarsirea-de-infractiuni-contra-umanitatii","status":"publish","type":"post","link":"https:\/\/247stiri.ro\/index.php\/2025\/01\/15\/petre-roman-audiat-in-dosarul-mineriadei-fostul-premier-este-acuzat-de-savarsirea-de-infractiuni-contra-umanitatii\/","title":{"rendered":"Petre Roman, audiat \u00een dosarul Mineriadei. Fostul premier este acuzat de s\u0103v\u00e2r\u0219irea de infrac\u021biuni contra umanit\u0103\u021bii"},"content":{"rendered":"<p>\u201eCum a\u0219 fi putut eu, profesor, cercet\u0103tor, trecut prin baricada de la Inter, care am angajat Rom\u00e2nia pe drumul spre UE, spre NATO, deci cum a\u0219 fi putut ca s\u0103 organizez, s\u0103 fac un complot, o represiune \u00eempotriva cui? A unor oameni care constatarea evident\u0103 e c\u0103 de dou\u0103 luni blocau traficul la Universitate. Dar eu eram venit de pe baricadele democra\u021biei. Nu e niciun plan \u00een care eu s\u0103 fi fost prezent. Eram dup\u0103 alegerile libere, c\u00e2\u0219tigasem cu 67%, anun\u021basem programul de reform\u0103 pentru a crea \u00een Rom\u00e2nia o democra\u021bie cu economie de pia\u021b\u0103. La dou\u0103 s\u0103pt\u0103m\u00e2ni dup\u0103 aceste evenimente am fost votat \u00een Parlament pentru func\u021bia de premier f\u0103r\u0103 un vot \u00eempotriv\u0103. Erau \u00een Parlament toate partidele istorice, asta la dou\u0103 s\u0103pt\u0103m\u00e2ni. Nu e nicio dovad\u0103 c\u0103 a\u0219 fi fost eu angajat \u00een aducerea minerilor \u0219i am declarat \u00een 16 iunie c\u0103 ce s-a \u00eent\u00e2mplat a fost cu implicarea evident\u0103 a oamenilor fostei Securit\u0103\u021bi&#8221;, a declarat Petre Roman.<\/p>\n<p>Procurorii sunt nevoi\u021bi s\u0103 refac\u0103 ancheta \u00een acest dosar, dup\u0103 ce probele adunate anterior de anchetatori au fost anulate de instan\u021b\u0103. Aceast\u0103 decizie a \u00eent\u00e2rziat semnificativ solu\u021bionarea cazului, un dosar extrem de complex care vizeaz\u0103 evenimentele din iunie 1990, c\u00e2nd minerii din Valea Jiului au fost mobiliza\u021bi pentru a reprima protestele din Pia\u021ba Universit\u0103\u021bii.<\/p>\n<p>\u00cen urma interven\u021biei, mii de persoane au fost arestate abuziv, iar sute au fost r\u0103nite sau chiar ucise. Organiza\u021biile pentru drepturile omului \u0219i familiile victimelor cer de ani de zile s\u0103 se fac\u0103 dreptate.<\/p>\n<p>\u00cen doarul Mineriadei sunt urm\u0103ri\u0163i penal fostul pre\u015fedinte Ion Iliescu, fostul vicepremier Gelu-Voican Voiculescu, fostul director al SRI Virgil M\u0103gureanu, Adrian S\u00e2rbu, Miron Cozma, fost lider al minerilor din Valea Jiului, fo\u015ftii generali Vasile Dobrinoiu \u015fi Peter Petre.<\/p>","protected":false},"excerpt":{"rendered":"<p>\u201eCum a\u0219 fi putut eu, profesor, cercet\u0103tor, trecut prin baricada de la Inter, care am&hellip;<\/p>\n","protected":false},"author":0,"featured_media":24277,"comment_status":"open","ping_status":"open","sticky":false,"template":"","format":"standard","meta":{"footnotes":""},"categories":[2],"tags":[],"class_list":["post-24276","post","type-post","status-publish","format-standard","has-post-thumbnail","hentry","category-actual"],"_links":{"self":[{"href":"https:\/\/247stiri.ro\/index.php\/wp-json\/wp\/v2\/posts\/24276","targetHints":{"allow":["GET"]}}],"collection":[{"href":"https:\/\/247stiri.ro\/index.php\/wp-json\/wp\/v2\/posts"}],"about":[{"href":"https:\/\/247stiri.ro\/index.php\/wp-json\/wp\/v2\/types\/post"}],"replies":[{"embeddable":true,"href":"https:\/\/247stiri.ro\/index.php\/wp-json\/wp\/v2\/comments?post=24276"}],"version-history":[{"count":0,"href":"https:\/\/247stiri.ro\/index.php\/wp-json\/wp\/v2\/posts\/24276\/revisions"}],"wp:featuredmedia":[{"embeddable":true,"href":"https:\/\/247stiri.ro\/index.php\/wp-json\/wp\/v2\/media\/24277"}],"wp:attachment":[{"href":"https:\/\/247stiri.ro\/index.php\/wp-json\/wp\/v2\/media?parent=24276"}],"wp:term":[{"taxonomy":"category","embeddable":true,"href":"https:\/\/247stiri.ro\/index.php\/wp-json\/wp\/v2\/categories?post=24276"},{"taxonomy":"post_tag","embeddable":true,"href":"https:\/\/247stiri.ro\/index.php\/wp-json\/wp\/v2\/tags?post=24276"}],"curies":[{"name":"wp","href":"https:\/\/api.w.org\/{rel}","templated":true}]}}