{"id":24286,"date":"2025-01-15T09:44:47","date_gmt":"2025-01-15T09:44:47","guid":{"rendered":"https:\/\/247stiri.ro\/index.php\/2025\/01\/15\/demersuri-fara-precedent-in-justitie-pentru-reluarea-turului-2-soarta-democratiei-in-mainile-magistratilor-de-la-iccj\/"},"modified":"2025-01-15T09:44:47","modified_gmt":"2025-01-15T09:44:47","slug":"demersuri-fara-precedent-in-justitie-pentru-reluarea-turului-2-soarta-democratiei-in-mainile-magistratilor-de-la-iccj","status":"publish","type":"post","link":"https:\/\/247stiri.ro\/index.php\/2025\/01\/15\/demersuri-fara-precedent-in-justitie-pentru-reluarea-turului-2-soarta-democratiei-in-mainile-magistratilor-de-la-iccj\/","title":{"rendered":"Demersuri f\u0103r\u0103 precedent \u00een justi\u021bie pentru reluarea turului 2. Soarta democra\u021biei, \u00een m\u00e2inile magistra\u021bilor de la ICCJ\u00a0"},"content":{"rendered":"<p>Este ziua care amplific\u0103 r\u0103zboiul din justi\u021bie pentru o decizie corect\u0103 asupra turului II. Magistra\u021bii de la ICCJ vor judeca o cerere prin care ar putea fi reluat\u0103 finala preziden\u021bial\u0103 cu aceia\u0219i candida\u021bi.\u00a0<\/p>\n<p>Justi\u021bia trebuie s\u0103 demonstreze dac\u0103 mai este la comanda Sistemului sau dac\u0103 ap\u0103r\u0103 valorile \u0219i principiile democratice. Mai multe contesta\u021bii au fost depuse de c\u0103tre avoca\u021bii lui C\u0103lin Georgescu, \u00een aceast\u0103 perioad\u0103, pentru reluarea turului 2 al alegerilor preziden\u021biale. De asemenea, au fost sesizate \u0219i organismele juridice interna\u021bionale \u0219i au pornit mai multe cercet\u0103ri \u0219i anchete \u00een procedur\u0103 de urgen\u021b\u0103. \u0218i de la acestea se a\u0219teapt\u0103 un r\u0103spuns, \u00eens\u0103 m\u00e2ine este o zi extrem de important\u0103: au mai r\u0103mas mai pu\u021bin de 24 de ore p\u00e2n\u0103 la procesul anului c\u00e2nd, la \u00cenalta Curte de Casa\u021bie \u0219i Justi\u021bie se va judeca recursul procesului lui C\u0103lin Georgescu. Decizia \u00een acest sens va fi definitiv\u0103.\u00a0<\/p>\n<p>M\u00e2ine vom vedea \u0219i ce ap\u0103r\u0103ri \u0219i-au preg\u0103tit avoca\u021bii \u0219i ce \u00eenscrisuri vor depune ace\u0219tia \u00een instan\u021b\u0103.\u00a0<\/p>","protected":false},"excerpt":{"rendered":"<p>Este ziua care amplific\u0103 r\u0103zboiul din justi\u021bie pentru o decizie corect\u0103 asupra turului II. Magistra\u021bii&hellip;<\/p>\n","protected":false},"author":0,"featured_media":24287,"comment_status":"open","ping_status":"open","sticky":false,"template":"","format":"standard","meta":{"footnotes":""},"categories":[3],"tags":[],"class_list":["post-24286","post","type-post","status-publish","format-standard","has-post-thumbnail","hentry","category-politica"],"_links":{"self":[{"href":"https:\/\/247stiri.ro\/index.php\/wp-json\/wp\/v2\/posts\/24286","targetHints":{"allow":["GET"]}}],"collection":[{"href":"https:\/\/247stiri.ro\/index.php\/wp-json\/wp\/v2\/posts"}],"about":[{"href":"https:\/\/247stiri.ro\/index.php\/wp-json\/wp\/v2\/types\/post"}],"replies":[{"embeddable":true,"href":"https:\/\/247stiri.ro\/index.php\/wp-json\/wp\/v2\/comments?post=24286"}],"version-history":[{"count":0,"href":"https:\/\/247stiri.ro\/index.php\/wp-json\/wp\/v2\/posts\/24286\/revisions"}],"wp:featuredmedia":[{"embeddable":true,"href":"https:\/\/247stiri.ro\/index.php\/wp-json\/wp\/v2\/media\/24287"}],"wp:attachment":[{"href":"https:\/\/247stiri.ro\/index.php\/wp-json\/wp\/v2\/media?parent=24286"}],"wp:term":[{"taxonomy":"category","embeddable":true,"href":"https:\/\/247stiri.ro\/index.php\/wp-json\/wp\/v2\/categories?post=24286"},{"taxonomy":"post_tag","embeddable":true,"href":"https:\/\/247stiri.ro\/index.php\/wp-json\/wp\/v2\/tags?post=24286"}],"curies":[{"name":"wp","href":"https:\/\/api.w.org\/{rel}","templated":true}]}}