{"id":24294,"date":"2025-01-15T09:44:49","date_gmt":"2025-01-15T09:44:49","guid":{"rendered":"https:\/\/247stiri.ro\/index.php\/2025\/01\/15\/elev-de-clasa-a-iv-a-de-la-o-scoala-din-galati-acuzat-ca-isi-bate-colegii-si-le-arata-gesturi-obscene-parintii-au-facut-reclamatii-cum-se-apara-mama-copilului\/"},"modified":"2025-01-15T09:44:49","modified_gmt":"2025-01-15T09:44:49","slug":"elev-de-clasa-a-iv-a-de-la-o-scoala-din-galati-acuzat-ca-isi-bate-colegii-si-le-arata-gesturi-obscene-parintii-au-facut-reclamatii-cum-se-apara-mama-copilului","status":"publish","type":"post","link":"https:\/\/247stiri.ro\/index.php\/2025\/01\/15\/elev-de-clasa-a-iv-a-de-la-o-scoala-din-galati-acuzat-ca-isi-bate-colegii-si-le-arata-gesturi-obscene-parintii-au-facut-reclamatii-cum-se-apara-mama-copilului\/","title":{"rendered":"Elev de clasa a IV-a de la o \u0219coal\u0103 din Gala\u021bi, acuzat c\u0103 \u00ee\u0219i bate colegii \u0219i le arat\u0103 gesturi obscene. P\u0103rin\u021bii au f\u0103cut reclama\u021bii: cum se ap\u0103r\u0103 mama copilului"},"content":{"rendered":"<p>P\u0103rin\u021bii sus\u021bin c\u0103 au f\u0103cut reclama\u0163ii oficiale \u00eempotriva elevului agresiv, \u00eens\u0103 lucrurile au r\u0103mas neschimbate. De altfel, directoarei unit\u0103\u021bii \u0219colare a refuzat s\u0103 comenteze acuza\u0163iile.\u00a0<\/p>\n<p>Scandalul a degenerat rapid, devenind o ceart\u0103 \u00eentre familiile copiilor agresa\u021bi \u0219i mama elevului acuzat de comportament necorespunz\u0103tor. Din informa\u021biile existente, femeia ar fi reclamat chiar la Poli\u0163ie c\u0103 a fost agresat\u0103 verbal de un p\u0103rinte nemul\u0163umit, scrie presa local\u0103.\u00a0<\/p>\n<p>\u201eA fost abordat\u0103 de c\u0103tre un b\u0103rbat, care i-a solicitat s\u0103-\u0219i mute fiul de la unitatea respectiv\u0103, \u00eentruc\u00e2t acesta ar fi agresiv, ar aduce injurii colegilor de clas\u0103 \u0219i ar fi manifestat gesturi obscene \u00een toaleta \u0219colii\u201d, a declarat Felicia Tudoran, purt\u0103torul de cuv\u00e2nt al Inspectoratului de Poli\u021bie Jude\u021bean (IPJ) Gala\u0163i.<\/p>\n<p>Mama elevului acuzat se apar\u0103 \u0219i spune c\u0103 fiul s\u0103u ar suferi de ADHD, sau tulburarea de deficit de aten\u021bie, o afec\u021biune neurologic\u0103 care apare adesea \u00een copil\u0103rie. Femeia recunoa\u0219te, \u00een context, c\u0103 acesta ar avea excese de furie \u00een anumite cazuri, \u00eens\u0103 este convins\u0103 c\u0103 unele acuza\u0163ii aduse fiului s\u0103u sunt, de fapt, false.<\/p>\n<p>\u201eAcest pip\u0103it \u015fi atingeri au fost inventate \u015fi aduse \u00een ultimul timp. Eu vreau s\u0103 su\u0163in\u0103 cu probe domnii, aceste chestii\u201d, spune mama elevului de 10 ani.<\/p>\n<p>De\u0219i copilul are dreptul la un \u00eenso\u021bitor \u00een timpul orelor, familia lui a refuzat acest lucru \u00een scris.<\/p>\n<p>Situa\u0163ia ar fi ajuns inclusiv la &#8222;urechile&#8221; Inspectoratul \u0218colar Jude\u021bean.<\/p>\n<p>\u201eS-a luat leg\u0103tura cu doamna directoare, chiar o echip\u0103 a Inspectoratului va merge \u00een aceste zile pentru a monitoriza \u015fi pentru a vedea exact cum este situa\u0163ia la acest moment\u201d, a declarat Florin Andronic, inspector adjunct ISJ Gala\u021bi.<\/p>\n<p>\u00a0<\/p>","protected":false},"excerpt":{"rendered":"<p>P\u0103rin\u021bii sus\u021bin c\u0103 au f\u0103cut reclama\u0163ii oficiale \u00eempotriva elevului agresiv, \u00eens\u0103 lucrurile au r\u0103mas neschimbate.&hellip;<\/p>\n","protected":false},"author":0,"featured_media":24295,"comment_status":"open","ping_status":"open","sticky":false,"template":"","format":"standard","meta":{"footnotes":""},"categories":[2],"tags":[],"class_list":["post-24294","post","type-post","status-publish","format-standard","has-post-thumbnail","hentry","category-actual"],"_links":{"self":[{"href":"https:\/\/247stiri.ro\/index.php\/wp-json\/wp\/v2\/posts\/24294","targetHints":{"allow":["GET"]}}],"collection":[{"href":"https:\/\/247stiri.ro\/index.php\/wp-json\/wp\/v2\/posts"}],"about":[{"href":"https:\/\/247stiri.ro\/index.php\/wp-json\/wp\/v2\/types\/post"}],"replies":[{"embeddable":true,"href":"https:\/\/247stiri.ro\/index.php\/wp-json\/wp\/v2\/comments?post=24294"}],"version-history":[{"count":0,"href":"https:\/\/247stiri.ro\/index.php\/wp-json\/wp\/v2\/posts\/24294\/revisions"}],"wp:featuredmedia":[{"embeddable":true,"href":"https:\/\/247stiri.ro\/index.php\/wp-json\/wp\/v2\/media\/24295"}],"wp:attachment":[{"href":"https:\/\/247stiri.ro\/index.php\/wp-json\/wp\/v2\/media?parent=24294"}],"wp:term":[{"taxonomy":"category","embeddable":true,"href":"https:\/\/247stiri.ro\/index.php\/wp-json\/wp\/v2\/categories?post=24294"},{"taxonomy":"post_tag","embeddable":true,"href":"https:\/\/247stiri.ro\/index.php\/wp-json\/wp\/v2\/tags?post=24294"}],"curies":[{"name":"wp","href":"https:\/\/api.w.org\/{rel}","templated":true}]}}