{"id":24307,"date":"2025-01-15T10:44:52","date_gmt":"2025-01-15T10:44:52","guid":{"rendered":"https:\/\/247stiri.ro\/index.php\/2025\/01\/15\/marcel-ciolacu-vrea-sa-mentina-plafonarea-preturilor-la-energie-electrica-pana-cand-ar-putea-fi-valabila-masura\/"},"modified":"2025-01-15T10:44:52","modified_gmt":"2025-01-15T10:44:52","slug":"marcel-ciolacu-vrea-sa-mentina-plafonarea-preturilor-la-energie-electrica-pana-cand-ar-putea-fi-valabila-masura","status":"publish","type":"post","link":"https:\/\/247stiri.ro\/index.php\/2025\/01\/15\/marcel-ciolacu-vrea-sa-mentina-plafonarea-preturilor-la-energie-electrica-pana-cand-ar-putea-fi-valabila-masura\/","title":{"rendered":"Marcel Ciolacu vrea s\u0103 men\u021bin\u0103 plafonarea pre\u021burilor la energie electric\u0103. P\u00e2n\u0103 c\u00e2nd ar putea fi valabil\u0103 m\u0103sura"},"content":{"rendered":"<p>\u201eCe v\u0103 pot spune cu certitudine este faptul c\u0103 am abordat \u0219i datoriile care sunt \u00een acest moment pentru a le stinge \u00een bugetul de stat la Ministerul Energiei \u0219i Ministerul Muncii.<\/p>\n<p>Guvernul va lua m\u0103suri ca zona de plafonare c\u0103tre consumatori \u0219i economie s\u0103 fie men\u021binut\u0103. \u0218i vulnerabili \u0219i zona de economie. Vom \u00eencerca s\u0103 men\u021binem m\u0103sura pentru tot anul. Lucr\u0103m cu Ministerul Energiei \u0219i a\u0219tept\u0103m \u0219i de la Comisie s\u0103 ne spun\u0103 cum s\u0103 proced\u0103m. A\u0219tept\u0103m \u0219i o motivare a CCR&#8221;, a spus Marcel Ciolacu.<\/p>\n<p>\u00a0<\/p>","protected":false},"excerpt":{"rendered":"<p>\u201eCe v\u0103 pot spune cu certitudine este faptul c\u0103 am abordat \u0219i datoriile care sunt&hellip;<\/p>\n","protected":false},"author":0,"featured_media":24304,"comment_status":"open","ping_status":"open","sticky":false,"template":"","format":"standard","meta":{"footnotes":""},"categories":[2],"tags":[],"class_list":["post-24307","post","type-post","status-publish","format-standard","has-post-thumbnail","hentry","category-actual"],"_links":{"self":[{"href":"https:\/\/247stiri.ro\/index.php\/wp-json\/wp\/v2\/posts\/24307","targetHints":{"allow":["GET"]}}],"collection":[{"href":"https:\/\/247stiri.ro\/index.php\/wp-json\/wp\/v2\/posts"}],"about":[{"href":"https:\/\/247stiri.ro\/index.php\/wp-json\/wp\/v2\/types\/post"}],"replies":[{"embeddable":true,"href":"https:\/\/247stiri.ro\/index.php\/wp-json\/wp\/v2\/comments?post=24307"}],"version-history":[{"count":0,"href":"https:\/\/247stiri.ro\/index.php\/wp-json\/wp\/v2\/posts\/24307\/revisions"}],"wp:featuredmedia":[{"embeddable":true,"href":"https:\/\/247stiri.ro\/index.php\/wp-json\/wp\/v2\/media\/24304"}],"wp:attachment":[{"href":"https:\/\/247stiri.ro\/index.php\/wp-json\/wp\/v2\/media?parent=24307"}],"wp:term":[{"taxonomy":"category","embeddable":true,"href":"https:\/\/247stiri.ro\/index.php\/wp-json\/wp\/v2\/categories?post=24307"},{"taxonomy":"post_tag","embeddable":true,"href":"https:\/\/247stiri.ro\/index.php\/wp-json\/wp\/v2\/tags?post=24307"}],"curies":[{"name":"wp","href":"https:\/\/api.w.org\/{rel}","templated":true}]}}