{"id":24310,"date":"2025-01-15T10:44:53","date_gmt":"2025-01-15T10:44:53","guid":{"rendered":"https:\/\/247stiri.ro\/index.php\/2025\/01\/15\/ciolacu-anunt-bomba-despre-pensii-cand-cresc-este-o-abordare-prudenta-a-ministrului-finantelor-si-cred-ca-e-corecta\/"},"modified":"2025-01-15T10:44:53","modified_gmt":"2025-01-15T10:44:53","slug":"ciolacu-anunt-bomba-despre-pensii-cand-cresc-este-o-abordare-prudenta-a-ministrului-finantelor-si-cred-ca-e-corecta","status":"publish","type":"post","link":"https:\/\/247stiri.ro\/index.php\/2025\/01\/15\/ciolacu-anunt-bomba-despre-pensii-cand-cresc-este-o-abordare-prudenta-a-ministrului-finantelor-si-cred-ca-e-corecta\/","title":{"rendered":"Ciolacu, anun\u021b bomb\u0103 despre pensii. C\u00e2nd cresc: \u201eEste o abordare prudent\u0103 a ministrului Finan\u021belor \u0219i cred c\u0103 e corect\u0103\u201d"},"content":{"rendered":"<p>\u201eAm avut o \u00eent\u00e2lnire cu domnul ministru, cu \u00eentreaga echip\u0103 \u0219i de consilieri secretari de stat \u0219i cu doamna pre\u0219edinte de la ANAF. Am stabilit indicatorii pe care o s\u0103 \u00eei prezinte domnul ministru \u00een \u0219edin\u021ba de guvern de joi. Ei sunt un pas premerg\u0103tor aprob\u0103rii Legii Bugetului de stat \u0219i am f\u0103cut \u0219i un calendar \u00eempreun\u0103.<\/p>\n<p>Am stabilit foarte clar c\u0103 p\u00e2n\u0103 la sf\u00e2r\u0219itul lunii o s\u0103 trecem Legea Bugetului prin Guvern \u0219i o s\u0103 o \u00eenaint\u0103m Parlamentului, astfel \u00eenc\u00e2t \u00een prima s\u0103pt\u0103m\u00e2n\u0103 din sesiunea parlamentar\u0103 din februarie Legea Bugetului s\u0103 fie aprobat\u0103\u201d, a declarat premierul Marcel Ciolacu.<\/p>\n<p>Oficialii Guvernului au anun\u021bat c\u0103 Rom\u00e2nia va p\u0103stra \u021binta de deficit de 7% la sf\u00e2r\u0219itul anului, cifra convenit\u0103 cu Comisia European\u0103 \u00een Planul Na\u021bional Structural pe 7 ani. Ace\u0219tia au men\u021bionat c\u0103 doresc \u0219i p\u0103strarea nivelului de investi\u021bii ca o prioritate care dep\u0103\u0219e\u0219te cre\u0219terea pensiilor.<\/p>\n<p>Despre pensii, Marcel Ciolacu a declarat c\u0103 \u201ela fel cum am promis \u00eenainte de votul din Parlament, c\u0103 vom veni la pensiile mici \u0219i medii p\u00e2n\u0103 la \u00eenceputul acestui an cu o suplimentare \u0219i cu o majorare pe tip one-off p\u00e2n\u0103 vom vedea execu\u021bia bugetar\u0103 la prima rectificare, c\u00e2nd se va analiza dac\u0103 se poate, astfel \u00eenc\u00e2t s\u0103 nu afect\u0103m investi\u021biile prev\u0103zute, mai ales \u00een PNR-ul, unde exist\u0103 cofinan\u021b\u0103ri foarte mari, de exemplu \u00een zona transporturilor de aproximativ 60% s-au ajuns la cofinan\u021b\u0103ri, dac\u0103 statul rom\u00e2n \u0219i bugetul de stat \u00ee\u0219i permite indexarea din luna septembrie. Este o abordare prudent\u0103 a Ministrului Finan\u021belor \u0219i cred c\u0103 e corect\u0103 pentru orice ministru de Finan\u021be \u0219i \u00eel fericit pe domnul ministru pentru aceast\u0103 abordare.\u201d<\/p>","protected":false},"excerpt":{"rendered":"<p>\u201eAm avut o \u00eent\u00e2lnire cu domnul ministru, cu \u00eentreaga echip\u0103 \u0219i de consilieri secretari de&hellip;<\/p>\n","protected":false},"author":0,"featured_media":24311,"comment_status":"open","ping_status":"open","sticky":false,"template":"","format":"standard","meta":{"footnotes":""},"categories":[2],"tags":[],"class_list":["post-24310","post","type-post","status-publish","format-standard","has-post-thumbnail","hentry","category-actual"],"_links":{"self":[{"href":"https:\/\/247stiri.ro\/index.php\/wp-json\/wp\/v2\/posts\/24310","targetHints":{"allow":["GET"]}}],"collection":[{"href":"https:\/\/247stiri.ro\/index.php\/wp-json\/wp\/v2\/posts"}],"about":[{"href":"https:\/\/247stiri.ro\/index.php\/wp-json\/wp\/v2\/types\/post"}],"replies":[{"embeddable":true,"href":"https:\/\/247stiri.ro\/index.php\/wp-json\/wp\/v2\/comments?post=24310"}],"version-history":[{"count":0,"href":"https:\/\/247stiri.ro\/index.php\/wp-json\/wp\/v2\/posts\/24310\/revisions"}],"wp:featuredmedia":[{"embeddable":true,"href":"https:\/\/247stiri.ro\/index.php\/wp-json\/wp\/v2\/media\/24311"}],"wp:attachment":[{"href":"https:\/\/247stiri.ro\/index.php\/wp-json\/wp\/v2\/media?parent=24310"}],"wp:term":[{"taxonomy":"category","embeddable":true,"href":"https:\/\/247stiri.ro\/index.php\/wp-json\/wp\/v2\/categories?post=24310"},{"taxonomy":"post_tag","embeddable":true,"href":"https:\/\/247stiri.ro\/index.php\/wp-json\/wp\/v2\/tags?post=24310"}],"curies":[{"name":"wp","href":"https:\/\/api.w.org\/{rel}","templated":true}]}}