{"id":24312,"date":"2025-01-15T10:44:54","date_gmt":"2025-01-15T10:44:54","guid":{"rendered":"https:\/\/247stiri.ro\/index.php\/2025\/01\/15\/anchete-in-dosarul-mineriadei-ion-iliescu-va-fi-audiat-la-domiciliu-ce-acuzatii-i-se-aduc-fostului-presedinte-in-varsta-de-95-de-ani\/"},"modified":"2025-01-15T10:44:54","modified_gmt":"2025-01-15T10:44:54","slug":"anchete-in-dosarul-mineriadei-ion-iliescu-va-fi-audiat-la-domiciliu-ce-acuzatii-i-se-aduc-fostului-presedinte-in-varsta-de-95-de-ani","status":"publish","type":"post","link":"https:\/\/247stiri.ro\/index.php\/2025\/01\/15\/anchete-in-dosarul-mineriadei-ion-iliescu-va-fi-audiat-la-domiciliu-ce-acuzatii-i-se-aduc-fostului-presedinte-in-varsta-de-95-de-ani\/","title":{"rendered":"Anchete \u00een dosarul Mineriadei: Ion Iliescu va fi audiat la domiciliu. Ce acuza\u021bii i se aduc fostului pre\u0219edinte, \u00een v\u00e2rst\u0103 de 95 de ani"},"content":{"rendered":"<p>\u00cen cadrul aceleia\u0219i anchete, fostul premier Petre Roman s-a prezentat miercuri diminea\u021b\u0103 la Parchetul General. Procurorii i-au adus la cuno\u0219tin\u021b\u0103 faptul c\u0103 are calitatea de inculpat \u0219i este acuzat de infrac\u021biuni contra umanit\u0103\u021bii.<\/p>\n<p>De asemenea, Gelu-Voican Voiculescu, un alt nume implicat \u00een dosarul Mineriadei, a fost citat de procurori, \u00eens\u0103 acesta a solicitat reprogramarea \u00eent\u00e2lnirii.<\/p>\n<p>\u00cen acest dosar sunt urm\u0103ri\u021bi penal fostul pre\u0219edinte Ion Iliescu, fostul vicepremier Gelu-Voican Voiculescu, fostul director al SRI Virgil M\u0103gureanu, Adrian S\u00e2rbu, Miron Cozma, fost lider al minerilor din Valea Jiului, fo\u0219tii generali Vasile Dobrinoiu \u0219i Peter Petre.<\/p>\n<p>Procurorii trebuie s\u0103 refac\u0103 ancheta \u00een acest dosar, dup\u0103 ce probele str\u00e2nse de anchetatori au fost anulate \u00een instan\u021b\u0103.<\/p>\n<p>Ion Iliescu era acuzat de procurorii militari c\u0103 a dat ordinul pentru evacuarea \u00een for\u021b\u0103 a manifestan\u021bilor din Pia\u021ba Universit\u0103\u021bii, inclusiv prin folosirea unor muncitori din marile \u00eentreprinderi din Bucure\u0219ti.<\/p>\n<p>Dosarul Mineriadei vizeaz\u0103 evenimentele din iunie 1990, c\u00e2nd mii de mineri au fost adu\u0219i \u00een Bucure\u0219ti pentru a reprima protestele anti-guvernamentale din Pia\u021ba Universit\u0103\u021bii. Ac\u021biunile de atunci au fost soldate cu numeroase victime \u0219i \u00eenc\u0103lc\u0103ri ale drepturilor omului, iar anchetele urm\u0103resc s\u0103 stabileasc\u0103 responsabilitatea pentru aceste evenimente tragice.<\/p>\n<p><a href=\"https:\/\/www.realitatea.net\/stiri\/actual\/petre-roman-audiat-in-dosarul-mineriadei-fostul-premier-este-acuzat-de-savarsirea-de-infractiuni-contra-umanitatii_6787683c667cde0d8d4e63b3\" target=\"_blank\">Petre Roman, audiat \u00een dosarul Mineriadei. Fostul premier este acuzat de s\u0103v\u00e2r\u0219irea de infrac\u021biuni contra umanit\u0103\u021bii<\/a><\/p>\n<p>\u00a0<\/p>","protected":false},"excerpt":{"rendered":"<p>\u00cen cadrul aceleia\u0219i anchete, fostul premier Petre Roman s-a prezentat miercuri diminea\u021b\u0103 la Parchetul General.&hellip;<\/p>\n","protected":false},"author":0,"featured_media":24313,"comment_status":"open","ping_status":"open","sticky":false,"template":"","format":"standard","meta":{"footnotes":""},"categories":[2],"tags":[],"class_list":["post-24312","post","type-post","status-publish","format-standard","has-post-thumbnail","hentry","category-actual"],"_links":{"self":[{"href":"https:\/\/247stiri.ro\/index.php\/wp-json\/wp\/v2\/posts\/24312","targetHints":{"allow":["GET"]}}],"collection":[{"href":"https:\/\/247stiri.ro\/index.php\/wp-json\/wp\/v2\/posts"}],"about":[{"href":"https:\/\/247stiri.ro\/index.php\/wp-json\/wp\/v2\/types\/post"}],"replies":[{"embeddable":true,"href":"https:\/\/247stiri.ro\/index.php\/wp-json\/wp\/v2\/comments?post=24312"}],"version-history":[{"count":0,"href":"https:\/\/247stiri.ro\/index.php\/wp-json\/wp\/v2\/posts\/24312\/revisions"}],"wp:featuredmedia":[{"embeddable":true,"href":"https:\/\/247stiri.ro\/index.php\/wp-json\/wp\/v2\/media\/24313"}],"wp:attachment":[{"href":"https:\/\/247stiri.ro\/index.php\/wp-json\/wp\/v2\/media?parent=24312"}],"wp:term":[{"taxonomy":"category","embeddable":true,"href":"https:\/\/247stiri.ro\/index.php\/wp-json\/wp\/v2\/categories?post=24312"},{"taxonomy":"post_tag","embeddable":true,"href":"https:\/\/247stiri.ro\/index.php\/wp-json\/wp\/v2\/tags?post=24312"}],"curies":[{"name":"wp","href":"https:\/\/api.w.org\/{rel}","templated":true}]}}