{"id":24319,"date":"2025-01-15T10:44:55","date_gmt":"2025-01-15T10:44:55","guid":{"rendered":"https:\/\/247stiri.ro\/index.php\/2025\/01\/15\/temperaturi-de-19-grade-celsius-miercuri-dimineata-in-romania-a-fost-cea-mai-rece-dimineata-din-aceasta-iarna-unde-a-fost-cel-mai-frig\/"},"modified":"2025-01-15T10:44:55","modified_gmt":"2025-01-15T10:44:55","slug":"temperaturi-de-19-grade-celsius-miercuri-dimineata-in-romania-a-fost-cea-mai-rece-dimineata-din-aceasta-iarna-unde-a-fost-cel-mai-frig","status":"publish","type":"post","link":"https:\/\/247stiri.ro\/index.php\/2025\/01\/15\/temperaturi-de-19-grade-celsius-miercuri-dimineata-in-romania-a-fost-cea-mai-rece-dimineata-din-aceasta-iarna-unde-a-fost-cel-mai-frig\/","title":{"rendered":"Temperaturi de -19 grade Celsius, miercuri diminea\u021b\u0103, \u00een Rom\u00e2nia. A fost cea mai RECE diminea\u021b\u0103 din aceast\u0103 iarn\u0103: unde a fost cel mai frig"},"content":{"rendered":"<p>Gerul a pus st\u0103p\u00e2nire pe Rom\u00e2nia miercuri diminea\u021b\u0103. Cel mai frig a fost la Ob\u00e2r\u0219ia Lotrului, unde s-au \u00eenregistrat -19,3 \u00b0C \u0219i\u00a0 la \u00centorsura Buz\u0103ului (-18,3).<\/p>\n<p>Sub -15 \u00b0C au fost la sta\u021biile meteo Poiana Stampei \u0219i Miercurea Ciuc. La Bra\u0219ov au fost -15 \u00b0C, iar la Sibiu -11 \u00b0C.<\/p>\n\n<p>Frig a fost miercuri diminea\u021b\u0103 \u0219i la Bucure\u0219ti. La sta\u021bia meteo Bucure\u0219ti B\u0103neasa s-au \u00eenregistrat -7,5 \u00b0C.<\/p>\n<p><a href=\"https:\/\/www.realitatea.net\/stiri\/vremea\/prognoza-meteo-pe-o-luna-temperaturi-nefiresti-fenomene-meteo-neobisnuite-anm-anunta-schimbari-radicale-sub-aspect-termic_678621a2b3fc8b4cc012f0f2\" target=\"_blank\">Prognoza meteo pe o lun\u0103: temperaturi nefire\u0219ti, fenomene meteo neobi\u0219nuite. ANM anun\u021b\u0103 schimb\u0103ri radicale sub aspect termic<\/a><\/p>\n<p>Cel mai pu\u021bin frig a fost la sta\u021biile meteo Mangalia (+0,3 \u00b0C) \u0219i Constan\u021ba Dig (+0,5 \u00b0C), mai arat\u0103 datele ANM.<\/p>\n<p>Miercuri, la pr\u00e2nz, maximele vor fi cuprinse \u00eentre -4 \u00b0C \u0219i +6 \u00b0C.<\/p>\n<p>\u00a0<\/p>","protected":false},"excerpt":{"rendered":"<p>Gerul a pus st\u0103p\u00e2nire pe Rom\u00e2nia miercuri diminea\u021b\u0103. Cel mai frig a fost la Ob\u00e2r\u0219ia&hellip;<\/p>\n","protected":false},"author":0,"featured_media":24320,"comment_status":"open","ping_status":"open","sticky":false,"template":"","format":"standard","meta":{"footnotes":""},"categories":[2],"tags":[],"class_list":["post-24319","post","type-post","status-publish","format-standard","has-post-thumbnail","hentry","category-actual"],"_links":{"self":[{"href":"https:\/\/247stiri.ro\/index.php\/wp-json\/wp\/v2\/posts\/24319","targetHints":{"allow":["GET"]}}],"collection":[{"href":"https:\/\/247stiri.ro\/index.php\/wp-json\/wp\/v2\/posts"}],"about":[{"href":"https:\/\/247stiri.ro\/index.php\/wp-json\/wp\/v2\/types\/post"}],"replies":[{"embeddable":true,"href":"https:\/\/247stiri.ro\/index.php\/wp-json\/wp\/v2\/comments?post=24319"}],"version-history":[{"count":0,"href":"https:\/\/247stiri.ro\/index.php\/wp-json\/wp\/v2\/posts\/24319\/revisions"}],"wp:featuredmedia":[{"embeddable":true,"href":"https:\/\/247stiri.ro\/index.php\/wp-json\/wp\/v2\/media\/24320"}],"wp:attachment":[{"href":"https:\/\/247stiri.ro\/index.php\/wp-json\/wp\/v2\/media?parent=24319"}],"wp:term":[{"taxonomy":"category","embeddable":true,"href":"https:\/\/247stiri.ro\/index.php\/wp-json\/wp\/v2\/categories?post=24319"},{"taxonomy":"post_tag","embeddable":true,"href":"https:\/\/247stiri.ro\/index.php\/wp-json\/wp\/v2\/tags?post=24319"}],"curies":[{"name":"wp","href":"https:\/\/api.w.org\/{rel}","templated":true}]}}