{"id":24329,"date":"2025-01-15T11:45:04","date_gmt":"2025-01-15T11:45:04","guid":{"rendered":"https:\/\/247stiri.ro\/index.php\/2025\/01\/15\/mafia-retrocedarilor-legaturi-cu-iohannis-tunuri-uriase-si-afaceri-de-milioane-de-euro\/"},"modified":"2025-01-15T11:45:04","modified_gmt":"2025-01-15T11:45:04","slug":"mafia-retrocedarilor-legaturi-cu-iohannis-tunuri-uriase-si-afaceri-de-milioane-de-euro","status":"publish","type":"post","link":"https:\/\/247stiri.ro\/index.php\/2025\/01\/15\/mafia-retrocedarilor-legaturi-cu-iohannis-tunuri-uriase-si-afaceri-de-milioane-de-euro\/","title":{"rendered":"MAFIA RETROCED\u0102RILOR, leg\u0103turi cu Iohannis: tunuri uria\u0219e \u0219i afaceri de milioane de euro"},"content":{"rendered":"<p>Klaus Iohannis nu a sc\u0103pat de problemele penale chiar dac\u0103 a ajuns la palatul Cotroceni \u00een 2014. Prescrierea faptelor a fost \u00eenghe\u021bat\u0103 \u00een momentul \u00een care Iohannis a depus jur\u0103m\u00e2ntul \u00een calitate de pre\u0219edinte. \u0218eful statului ilegitim a fost declarat incompatibil \u00een 2013 de c\u0103tre Agen\u021bia Na\u021bional\u0103 de Integritate, dup\u0103 ce a semnat mai multe contracte pentru Forumul democrat German.<\/p>\n<p><a href=\"https:\/\/www.realitatea.net\/stiri\/politica\/iohannis-poate-fi-executat-de-anaf-pentru-casele-din-sibiu-cati-bani-a-facut-presedintele-ilegitim-din-chirii_677fa14e224f3c274a01c564\" target=\"_blank\">Iohannis poate fi EXECUTAT de ANAF pentru casele din Sibiu! C\u00e2\u021bi BANI a f\u0103cut pre\u0219edintele ilegitim din chirii<\/a><\/p>\n<p>Mai multe anchete jurnalistice au scos la iveal\u0103 re\u021beaua de influen\u021b\u0103 a locatarului de la Palatul Cotroceni, dup\u0103 ce a retrocedat monumentele de patrimoniu ale ora\u0219ului Sibiu. Corpul de Control al Guvernului a f\u0103cut verific\u0103ri \u00een 2010 la Sibiu, dup\u0103 ce Autoritatea Na\u0163ional\u0103 de Restituire a Propriet\u0103\u0163ilor a constatat nereguli.<\/p>\n<p>\u00cen anul 2010, Klaus Iohannis a fost \u015fi primar \u015fi pre\u015fedinte al Comisiei de retroced\u0103ri a municipalit\u0103\u0163ii. Atunci au fost retrocedate numeroase cl\u0103diri \u015fi terenuri, \u00eentre care Palatul Brukenthal, Filarmonica, sediul Inspectoratului \u015fcolar, \u015fcoli, gr\u0103dini\u0163ie, toate \u00een favoarea Forumului Democrat German, prin Consistoriul evanghelic.<\/p>\n<p><a href=\"https:\/\/www.realitatea.net\/stiri\/politica\/iohannis-ignora-vocea-poporului-cum-ii-sfideaza-pe-romani-demisia-pe-care-o-trece-cu-vederea_6785f7c7e46bcb7ad007e052\" target=\"_blank\">Iohannis IGNOR\u0102 vocea poporului. Cum \u00eei SFIDEAZ\u0102 pe rom\u00e2ni: demisia pe care o trece cu vederea<\/a><\/p>\n<p>Retrocedarea unui ansamblu imobiliar din centrul Sibiului, aflat pe strada Magheru 1 \u2013 3, c\u0103tre Forumul Democrat al Germanilor din Rom\u00e2nia \u2013 FDGR este un caz revolt\u0103tor. Acest impozant imobil situat \u00een centrul ora\u015fului este un monument istoric renovat din bani publici \u015fi a fost revendicat \u00een instan\u0163\u0103 \u00een 1993, unde s-a invocat c\u0103 FDGR ar fi succesorul de drept al unei funda\u0163ii de caritate care a func\u0163ionat p\u00e2n\u0103 la instaurarea regimului comunist. Nu exist\u0103 absolut niciun act la dosarul de retrocedare depus \u00een instan\u0163\u0103 care s\u0103 probeze faptul c\u0103 FDGR are dreptul juridic de a fi declarat oficial continuatorul acestei funda\u0163ii. Prim\u0103ria Sibiu \u015fi Consiliul Local nu au \u00eentreprins niciun demers pentru a ap\u0103ra domeniul public al sibienilor, iar oamenii lui Iohannis au sus\u021binut \u00een instan\u0163\u0103 c\u0103 nu se opun acestei retroced\u0103ri. Acest imobil a fost rechizi\u0163ionat de Grupul Etnic German, organiza\u0163ie hitlerist\u0103 care a func\u0163ionat \u00een Rom\u00e2nia, \u00eentre 1940 \u015fi 1944. Conform unui Decret Regal din 8 octombrie 1944, consfin\u0163it prin documente interna\u0163ionale dup\u0103 cel de-al doilea r\u0103zboi mondial, statul rom\u00e2n a devenit proprietarul cl\u0103dirii. Toate legile interne \u015fi interna\u0163ionale din 1945 \u00eencoace statueaz\u0103 c\u0103 imobilele care au apar\u0163inut organiza\u0163iilor fasciste, hitleriste sau colaboratoare ale regimului nazist sunt confiscate \u015fi trec \u00een proprietatea statului. A\u015fa s-a \u00eent\u00e2mplat \u015fi cu imobilul din str. Magheru 1-3 care a fost na\u0163ionalizat de drept \u015fi nu abuziv \u00eenainte de 6 martie 1945. Cu toate acestea, monumentul istoric a ajuns \u00een proprietatea FDGR, iar statul a fost p\u0103bubit cu milioane de euro.<\/p>\n<p>Klaus Iohannis a semnat \u00een 2024 o serie de decrete de decorare a unor reprezentan\u0163i ai Forumului Democrat al Germanilor din Rom\u00e2nia, \u00eentre care se num\u0103r\u0103 pre\u015fedintele FDGR, Paul-Jurgen Porr.<\/p>\n<p>Klaus Iohannis a fost implicat \u00een Afacerea aeroportul Sibiu. Peste 100 de milioane de euro au fost investite degeaba \u00eentr-o lucrare neconform\u0103. Firma german\u0103 Max Boegl, care a primit lucr\u0103rile, a fost favorizat\u0103 \u015fi pentru construirea \u015foselei de centur\u0103 a Sibiului, au scris jurnali\u0219tii \u00een momentul \u00een care aceste afaceri se derulau cu semn\u0103tura lui Iohannis.<\/p>\n<p>Pre\u0219edintele ilegitim a f\u0103cut investi\u021bii doar pentru evenimentele culturale desf\u0103\u0219urate \u00een 2007 \u00een cadrul Capitalei Culturale Europene. Cea mai spectaculoas\u0103 investi\u021bie \u2013 de aproape un milion de euro \u2013 fiind f\u0103cut\u0103 \u00eentr-un cort din Germania, \u00eenchiriat ini\u0163ial, cump\u0103rat \u00een final. \u201eInvesti\u0163ia\u201d a avut utilitate exclusiv \u00een 2007. De atunci p\u00e2n\u0103 \u00een ziua de azi cortul este depozitat \u015fi neutilizat, pentru c\u0103 nu are niciun aviz de utilizare ISCIR. Aceea\u015fi situa\u0163ia este valabil\u0103 \u0219i pentru scenele de spectacol cump\u0103rate \u00een 2007, pentru care nu exist\u0103 documente legale de folosin\u0163\u0103.<\/p>\n<p>Anul trecut, Klaus Iohannis a pierdut dou\u0103 dintre imobilele de\u021binute \u00een Sibiu, iar familia lui Iohannis trebuie s\u0103 restituie banii din chirii, astfel trebuie returna\u021bi 260.000 de euro.<\/p>\n<p>Imobilul a apar\u021binut so\u021biei pre\u0219edintelui, Carmen Iohannis.\u00a0<\/p>","protected":false},"excerpt":{"rendered":"<p>Klaus Iohannis nu a sc\u0103pat de problemele penale chiar dac\u0103 a ajuns la palatul Cotroceni&hellip;<\/p>\n","protected":false},"author":0,"featured_media":24330,"comment_status":"open","ping_status":"open","sticky":false,"template":"","format":"standard","meta":{"footnotes":""},"categories":[3],"tags":[],"class_list":["post-24329","post","type-post","status-publish","format-standard","has-post-thumbnail","hentry","category-politica"],"_links":{"self":[{"href":"https:\/\/247stiri.ro\/index.php\/wp-json\/wp\/v2\/posts\/24329","targetHints":{"allow":["GET"]}}],"collection":[{"href":"https:\/\/247stiri.ro\/index.php\/wp-json\/wp\/v2\/posts"}],"about":[{"href":"https:\/\/247stiri.ro\/index.php\/wp-json\/wp\/v2\/types\/post"}],"replies":[{"embeddable":true,"href":"https:\/\/247stiri.ro\/index.php\/wp-json\/wp\/v2\/comments?post=24329"}],"version-history":[{"count":0,"href":"https:\/\/247stiri.ro\/index.php\/wp-json\/wp\/v2\/posts\/24329\/revisions"}],"wp:featuredmedia":[{"embeddable":true,"href":"https:\/\/247stiri.ro\/index.php\/wp-json\/wp\/v2\/media\/24330"}],"wp:attachment":[{"href":"https:\/\/247stiri.ro\/index.php\/wp-json\/wp\/v2\/media?parent=24329"}],"wp:term":[{"taxonomy":"category","embeddable":true,"href":"https:\/\/247stiri.ro\/index.php\/wp-json\/wp\/v2\/categories?post=24329"},{"taxonomy":"post_tag","embeddable":true,"href":"https:\/\/247stiri.ro\/index.php\/wp-json\/wp\/v2\/tags?post=24329"}],"curies":[{"name":"wp","href":"https:\/\/api.w.org\/{rel}","templated":true}]}}