{"id":24337,"date":"2025-01-15T11:45:07","date_gmt":"2025-01-15T11:45:07","guid":{"rendered":"https:\/\/247stiri.ro\/index.php\/2025\/01\/15\/marcel-ciolacu-mesaj-de-ziua-culturii-romane-este-responsabilitatea-noastra-sa-onoram-aceasta-mostenire-si-sa-indrumam-tinerele-generatii-spre-cultura-si-educatie\/"},"modified":"2025-01-15T11:45:07","modified_gmt":"2025-01-15T11:45:07","slug":"marcel-ciolacu-mesaj-de-ziua-culturii-romane-este-responsabilitatea-noastra-sa-onoram-aceasta-mostenire-si-sa-indrumam-tinerele-generatii-spre-cultura-si-educatie","status":"publish","type":"post","link":"https:\/\/247stiri.ro\/index.php\/2025\/01\/15\/marcel-ciolacu-mesaj-de-ziua-culturii-romane-este-responsabilitatea-noastra-sa-onoram-aceasta-mostenire-si-sa-indrumam-tinerele-generatii-spre-cultura-si-educatie\/","title":{"rendered":"Marcel Ciolacu, mesaj de Ziua Culturii Rom\u00e2ne: \u201eEste responsabilitatea noastr\u0103 s\u0103 onor\u0103m aceast\u0103 mo\u0219tenire \u0219i s\u0103 \u00eendrum\u0103m tinerele genera\u021bii spre cultur\u0103 \u0219i educa\u021bie\u201d"},"content":{"rendered":"<p>\u201dS\u0103rb\u0103torim ast\u0103zi mo\u015ftenirea cultural\u0103, bog\u0103\u0163ia spiritual\u0103 \u015fi talentul poporului rom\u00e2n. Legat\u0103 \u00een mod inspirat de na\u015fterea poetului nostru na\u0163ional Mihai Eminescu, Ziua Culturii Na\u0163ionale este nu doar despre patrimoniul cultural valoros de care ne bucur\u0103m \u015fi cu care ne m\u00e2ndrim \u00een toat\u0103 lumea\u201d, a transmis, miercuri, Marcel Ciolacu, de Ziua Culturii.<\/p>\n<p>Potrivit acestuia, \u201deste o responsabilitate de suflet s\u0103 onor\u0103m aceast\u0103 mo\u015ftenire \u00eendrum\u00e2nd tinerele genera\u0163ii spre cultur\u0103 \u015fi educa\u0163ie, esen\u0163iale pentru descoperirea propriilor voca\u0163ii, mai ales \u00eentr-o societate care are nevoie mai mult ca oric\u00e2nd de repere de talia celor care au contribuit de-a lungul istoriei la prestigiul culturii rom\u00e2ne\u201d.<\/p>\n<p>\u201dTuturor celor care slujesc actul artistic \u015fi cultural \u015fi iubitorilor culturii rom\u00e2ne, deopotriv\u0103, le urez La Mul\u0163i Ani\u201d, a mai transmis premierul.<\/p>","protected":false},"excerpt":{"rendered":"<p>\u201dS\u0103rb\u0103torim ast\u0103zi mo\u015ftenirea cultural\u0103, bog\u0103\u0163ia spiritual\u0103 \u015fi talentul poporului rom\u00e2n. Legat\u0103 \u00een mod inspirat de&hellip;<\/p>\n","protected":false},"author":0,"featured_media":24338,"comment_status":"open","ping_status":"open","sticky":false,"template":"","format":"standard","meta":{"footnotes":""},"categories":[2],"tags":[],"class_list":["post-24337","post","type-post","status-publish","format-standard","has-post-thumbnail","hentry","category-actual"],"_links":{"self":[{"href":"https:\/\/247stiri.ro\/index.php\/wp-json\/wp\/v2\/posts\/24337","targetHints":{"allow":["GET"]}}],"collection":[{"href":"https:\/\/247stiri.ro\/index.php\/wp-json\/wp\/v2\/posts"}],"about":[{"href":"https:\/\/247stiri.ro\/index.php\/wp-json\/wp\/v2\/types\/post"}],"replies":[{"embeddable":true,"href":"https:\/\/247stiri.ro\/index.php\/wp-json\/wp\/v2\/comments?post=24337"}],"version-history":[{"count":0,"href":"https:\/\/247stiri.ro\/index.php\/wp-json\/wp\/v2\/posts\/24337\/revisions"}],"wp:featuredmedia":[{"embeddable":true,"href":"https:\/\/247stiri.ro\/index.php\/wp-json\/wp\/v2\/media\/24338"}],"wp:attachment":[{"href":"https:\/\/247stiri.ro\/index.php\/wp-json\/wp\/v2\/media?parent=24337"}],"wp:term":[{"taxonomy":"category","embeddable":true,"href":"https:\/\/247stiri.ro\/index.php\/wp-json\/wp\/v2\/categories?post=24337"},{"taxonomy":"post_tag","embeddable":true,"href":"https:\/\/247stiri.ro\/index.php\/wp-json\/wp\/v2\/tags?post=24337"}],"curies":[{"name":"wp","href":"https:\/\/api.w.org\/{rel}","templated":true}]}}