{"id":24343,"date":"2025-01-15T11:45:08","date_gmt":"2025-01-15T11:45:08","guid":{"rendered":"https:\/\/247stiri.ro\/index.php\/2025\/01\/15\/ciolacu-ii-asigura-inca-o-data-pe-romani-ca-nu-va-creste-tva-ul-depasim-zona-de-tatuaje-si-nu-marim-tva-ul-eu-acest-lucru-nu-l-fac\/"},"modified":"2025-01-15T11:45:08","modified_gmt":"2025-01-15T11:45:08","slug":"ciolacu-ii-asigura-inca-o-data-pe-romani-ca-nu-va-creste-tva-ul-depasim-zona-de-tatuaje-si-nu-marim-tva-ul-eu-acest-lucru-nu-l-fac","status":"publish","type":"post","link":"https:\/\/247stiri.ro\/index.php\/2025\/01\/15\/ciolacu-ii-asigura-inca-o-data-pe-romani-ca-nu-va-creste-tva-ul-depasim-zona-de-tatuaje-si-nu-marim-tva-ul-eu-acest-lucru-nu-l-fac\/","title":{"rendered":"Ciolacu \u00eei asigur\u0103 \u00eenc\u0103 o dat\u0103 pe rom\u00e2ni c\u0103 nu va cre\u0219te TVA-ul: \u201eDep\u0103\u0219im zona de tatuaje \u0219i nu m\u0103rim TVA-ul. Eu acest lucru nu-l fac\u201d"},"content":{"rendered":"<p>\u201eNoi avem o reform\u0103 fiscal\u0103 de implementat pe care \u015fi-a asumat-o Rom\u00e2nia. Nici Ciolacu, nici T\u00e1nczos Barna, nu avem (&#8230;). Ea a fost asumat\u0103 \u00een PNRR, \u00een cererea de plat\u0103 num\u0103rul 4\u201d, a spus premierul Marcel Ciolacu, dup\u0103 \u00eentrevederea de la Ministerul Finan\u0163elor.<\/p>\n<p>El a precizat c\u0103 \u201edep\u0103\u015fim zona de tatuaje \u015fi nu m\u0103rim TVA-ul. De ce nu m\u0103rim TVA-ul? Reprezint un partid social-democrat. \u00cen primul r\u00e2nd, efortul ar fi mutat \u00een mod egal la to\u0163i rom\u00e2nii, indiferent de venituri. Efort \u00eensemn\u00e2nd o sc\u0103dere a puterii de cump\u0103rare. Eu acest lucru nu-l fac \u015fi m\u0103 bucur mult c\u0103 \u015fi domnul ministru Barna spune acela\u015fi lucru\u201d.<\/p>\n<p>Premierul a men\u0163ionat, de asemenea, c\u0103 \u201edup\u0103 aceast\u0103 perioad\u0103 de consum \u015fi de cre\u015fteri salariare \u015fi \u00een zona bugetar\u0103, avem \u015fi o cre\u015ftere a salariului minim, am avut \u015fi recalcularea pensiilor. Normal c\u0103 a fost un consum mult mai mare \u015fi am avut \u015fi s\u0103rb\u0103tori. A fost un consum mult mai mare \u00een societate. \u00cen acest moment, consumul o s\u0103 mai scad\u0103. Au fost \u015fi perioada de concedii, o s\u0103 mai scad\u0103 (&#8230;)\u201d, a mai spus el, referindu-se la infla\u0163iei.<\/p>\n<p>Ciolacu a mai spus c\u0103 o cre\u015ftere a TVA-ului cu un punct procentual ar duce automat o cre\u015ftere a infla\u0163iei cu 0,5 puncte procentuale: \u201eDeci lucru exclus. Deci excludem o dat\u0103 pentru totdeauna o cre\u015ftere a TVA-ului\u201d, ad\u0103ug\u00e2nd c\u0103 guvernul va interveni \u00een reforma fiscal\u0103 cu alte m\u0103suri.<\/p>\n<p>\u201eConstruc\u0163ia bugetului pe care am f\u0103cut-o domnul ministru, cu \u00eentreaga echip\u0103 a domniei sale \u015fi am discutat-o acum, a fost f\u0103cut\u0103 f\u0103r\u0103 a avea cre\u015fteri de taxe \u015fi impozite anul acesta, dec\u00e2t cu acele excep\u0163ii referitoare la celebra ordonan\u0163\u0103 trenule\u0163. \u00cen rest, tot cu ce vom veni \u015fi cu reforma fiscal\u0103 va fi o perioad\u0103 predictiv\u0103, deci minimum \u015fase luni. Deci am avea un termen de p\u00e2n\u0103 la 1 iulie cu ce va \u00eensemna viitorul. \u015eti\u0163i foarte bine c\u0103 orice m\u0103sur\u0103 fiscal\u0103 are un delay de un an de zile, fiindc\u0103 se raporteaz\u0103 la anul fiscal anterior. Deci, dac\u0103 vor fi modific\u0103ri, vom vorbi ca \u015fi aplicare prin anul 2026\u201d, a precizat premierul.<\/p>\n<p>El a mai spus c\u0103 \u201eRom\u00e2nia nu a intrat \u00een recesiune \u015fi, p\u0103rerea mea, nu va intra dac\u0103 nu se \u00eent\u00e2mpl\u0103 ceva peste voin\u0163a noastr\u0103\u201d, a mai spus premierul Marcel Ciolacu.<\/p>","protected":false},"excerpt":{"rendered":"<p>\u201eNoi avem o reform\u0103 fiscal\u0103 de implementat pe care \u015fi-a asumat-o Rom\u00e2nia. Nici Ciolacu, nici&hellip;<\/p>\n","protected":false},"author":0,"featured_media":24334,"comment_status":"open","ping_status":"open","sticky":false,"template":"","format":"standard","meta":{"footnotes":""},"categories":[2],"tags":[],"class_list":["post-24343","post","type-post","status-publish","format-standard","has-post-thumbnail","hentry","category-actual"],"_links":{"self":[{"href":"https:\/\/247stiri.ro\/index.php\/wp-json\/wp\/v2\/posts\/24343","targetHints":{"allow":["GET"]}}],"collection":[{"href":"https:\/\/247stiri.ro\/index.php\/wp-json\/wp\/v2\/posts"}],"about":[{"href":"https:\/\/247stiri.ro\/index.php\/wp-json\/wp\/v2\/types\/post"}],"replies":[{"embeddable":true,"href":"https:\/\/247stiri.ro\/index.php\/wp-json\/wp\/v2\/comments?post=24343"}],"version-history":[{"count":0,"href":"https:\/\/247stiri.ro\/index.php\/wp-json\/wp\/v2\/posts\/24343\/revisions"}],"wp:featuredmedia":[{"embeddable":true,"href":"https:\/\/247stiri.ro\/index.php\/wp-json\/wp\/v2\/media\/24334"}],"wp:attachment":[{"href":"https:\/\/247stiri.ro\/index.php\/wp-json\/wp\/v2\/media?parent=24343"}],"wp:term":[{"taxonomy":"category","embeddable":true,"href":"https:\/\/247stiri.ro\/index.php\/wp-json\/wp\/v2\/categories?post=24343"},{"taxonomy":"post_tag","embeddable":true,"href":"https:\/\/247stiri.ro\/index.php\/wp-json\/wp\/v2\/tags?post=24343"}],"curies":[{"name":"wp","href":"https:\/\/api.w.org\/{rel}","templated":true}]}}