{"id":24350,"date":"2025-01-15T12:45:39","date_gmt":"2025-01-15T12:45:39","guid":{"rendered":"https:\/\/247stiri.ro\/index.php\/2025\/01\/15\/guvernul-aproba-joi-hotararea-privind-calendarul-prezidentialelor-vor-avea-candidatii-independenti-reprezentanti-in-sectiile-de-votare-raspunsul-lui-ciolacu\/"},"modified":"2025-01-15T12:45:39","modified_gmt":"2025-01-15T12:45:39","slug":"guvernul-aproba-joi-hotararea-privind-calendarul-prezidentialelor-vor-avea-candidatii-independenti-reprezentanti-in-sectiile-de-votare-raspunsul-lui-ciolacu","status":"publish","type":"post","link":"https:\/\/247stiri.ro\/index.php\/2025\/01\/15\/guvernul-aproba-joi-hotararea-privind-calendarul-prezidentialelor-vor-avea-candidatii-independenti-reprezentanti-in-sectiile-de-votare-raspunsul-lui-ciolacu\/","title":{"rendered":"Guvernul aprob\u0103 joi hot\u0103r\u00e2rea privind CALENDARUL preziden\u021bialelor. Vor avea candida\u021bii independen\u021bi reprezentan\u021bi \u00een sec\u021biile de votare: r\u0103spunsul lui Ciolacu"},"content":{"rendered":"<p>Premierul a fost \u00eentrebat dac\u0103 prin ordonan\u021ba de urgen\u021b\u0103 pentru organizarea scrutinului preziden\u021bial candida\u021bii independen\u021bi vor avea posibilitatea s\u0103 aib\u0103 reprezentan\u021bi \u00een sec\u021biile de votare.<\/p>\n<p>&#8222;\u00centotdeauna candida\u021bii independen\u021bi au reprezentare \u00een sec\u021biile de votare. Problema e c\u0103 biroul sec\u021biei de votare este unul limitat. Nu am inventat eu democra\u021bia, cum sunt ferm convins c\u0103 nici dumneavoastr\u0103. \u00cen primul r\u00e2nd, \u00een sec\u021biile de votare sunt reprezentate partidele politice parlamentare, pe urm\u0103 europarlamentare \u0219i, \u00een func\u021bie de num\u0103rul din sec\u021bia de vot, r\u0103m\u00e2ne pentru candida\u021bii independen\u021bi. Dac\u0103 avem 100 de candida\u021bi independen\u021bi, facem birouri electorale de 100 de membri? Cred c\u0103 nu&#8221;, a declarat Ciolacu.<\/p>","protected":false},"excerpt":{"rendered":"<p>Premierul a fost \u00eentrebat dac\u0103 prin ordonan\u021ba de urgen\u021b\u0103 pentru organizarea scrutinului preziden\u021bial candida\u021bii independen\u021bi&hellip;<\/p>\n","protected":false},"author":0,"featured_media":24351,"comment_status":"open","ping_status":"open","sticky":false,"template":"","format":"standard","meta":{"footnotes":""},"categories":[3],"tags":[],"class_list":["post-24350","post","type-post","status-publish","format-standard","has-post-thumbnail","hentry","category-politica"],"_links":{"self":[{"href":"https:\/\/247stiri.ro\/index.php\/wp-json\/wp\/v2\/posts\/24350","targetHints":{"allow":["GET"]}}],"collection":[{"href":"https:\/\/247stiri.ro\/index.php\/wp-json\/wp\/v2\/posts"}],"about":[{"href":"https:\/\/247stiri.ro\/index.php\/wp-json\/wp\/v2\/types\/post"}],"replies":[{"embeddable":true,"href":"https:\/\/247stiri.ro\/index.php\/wp-json\/wp\/v2\/comments?post=24350"}],"version-history":[{"count":0,"href":"https:\/\/247stiri.ro\/index.php\/wp-json\/wp\/v2\/posts\/24350\/revisions"}],"wp:featuredmedia":[{"embeddable":true,"href":"https:\/\/247stiri.ro\/index.php\/wp-json\/wp\/v2\/media\/24351"}],"wp:attachment":[{"href":"https:\/\/247stiri.ro\/index.php\/wp-json\/wp\/v2\/media?parent=24350"}],"wp:term":[{"taxonomy":"category","embeddable":true,"href":"https:\/\/247stiri.ro\/index.php\/wp-json\/wp\/v2\/categories?post=24350"},{"taxonomy":"post_tag","embeddable":true,"href":"https:\/\/247stiri.ro\/index.php\/wp-json\/wp\/v2\/tags?post=24350"}],"curies":[{"name":"wp","href":"https:\/\/api.w.org\/{rel}","templated":true}]}}