{"id":24356,"date":"2025-01-15T12:45:41","date_gmt":"2025-01-15T12:45:41","guid":{"rendered":"https:\/\/247stiri.ro\/index.php\/2025\/01\/15\/catalin-predoiu-includerea-in-programul-visa-waiver-al-doilea-succes-al-mai-dupa-aderarea-la-schengen\/"},"modified":"2025-01-15T12:45:41","modified_gmt":"2025-01-15T12:45:41","slug":"catalin-predoiu-includerea-in-programul-visa-waiver-al-doilea-succes-al-mai-dupa-aderarea-la-schengen","status":"publish","type":"post","link":"https:\/\/247stiri.ro\/index.php\/2025\/01\/15\/catalin-predoiu-includerea-in-programul-visa-waiver-al-doilea-succes-al-mai-dupa-aderarea-la-schengen\/","title":{"rendered":"C\u0103t\u0103lin Predoiu: Includerea \u00een Programul Visa Waiver &#8211; al doilea succes al MAI, dup\u0103 aderarea la Schengen"},"content":{"rendered":"<p>&#8222;A\u0219 dori s\u0103 \u00eei mul\u021bumesc Excelen\u021bei Sale, doamna Kathleen Kavalec, pentru invita\u021bia generoas\u0103 de a participa la acest eveniment, pentru a marca \u00eempreun\u0103 \u00eendeplinirea unuia dintre cele mai importante obiective pentru \u021bara noastr\u0103 &#8211; includerea \u00een Programul Visa Waiver&#8221;, a spus ministrul rom\u00e2n.<\/p>\n<p>Predoiu \u0219i-a exprimat aprecierea fa\u021b\u0103 de Guvernul Rom\u00e2niei pentru abordarea strategic\u0103 a acestui obiectiv, precum \u0219i de implicarea mediului de afaceri, a personalit\u0103\u021bilor sportive, a companiilor private \u0219i a societ\u0103\u021bii civile, care au \u00een\u021beles semnifica\u021bia particip\u0103rii la acest proces complex.<\/p>\n<p>&#8222;Includerea Rom\u00e2niei \u00een acest program va fi un catalizator pentru dimensiunea economic\u0103 a Parteneriatului Strategic, at\u00e2t prin consolidarea prezen\u021bei investi\u021biilor americane \u00een Rom\u00e2nia, c\u00e2t \u0219i prin cre\u0219terea volumului schimburilor comerciale bilaterale&#8221;, a mai spus Predoiu.<\/p>\n<p>Potrivit sursei citate, programul Visa Waiver va contribui semnificativ la dezvoltarea turismului \u0219i schimburilor culturale, aprofund\u00e2nd \u00een\u021belegerea reciproc\u0103 dintre SUA \u0219i Rom\u00e2nia \u0219i \u00eencuraj\u00e2nd mai mul\u021bi oameni s\u0103 exploreze noi destina\u021bii, s\u0103 experimenteze culturi diverse \u0219i s\u0103 creeze prietenii interna\u021bionale.<\/p>\n<p>Programul are un impact semnificativ asupra afacerilor globale \u0219i a cre\u0219terii economice, facilit\u00e2nd deplas\u0103rile profesioni\u0219tilor din mediul de afaceri \u0219i ale investitorilor.<\/p>\n<p>&#8216;Din perspectiva Ministerului Afacerilor Interne, acest moment subliniaz\u0103 angajamentul nostru ferm de a promova cele mai \u00eenalte standarde de securitate, de a combate criminalitatea transfrontalier\u0103 \u0219i de a gestiona eficient frontierele &#8211; o tem\u0103 central\u0103 a cooper\u0103rii noastre bilaterale&#8217;, a afirmat ministrul de Interne.<\/p>\n<p>El a ar\u0103tat c\u0103 programul Visa Waiver reprezint\u0103, \u00een primul r\u00e2nd, un parteneriat de securitate, iar \u00een acest context, ministerul, \u00eempreun\u0103 cu Departamentul pentru Securitate Intern\u0103 al SUA, a implementat, pe baza documentelor juridice \u00eencheiate, instrumente avansate pentru identificarea \u0219i prevenirea rapid\u0103 a amenin\u021b\u0103rilor la adresa securit\u0103\u021bii, precum Parteneriatul Consolidat pentru Securitatea Frontierei (EBSP) \u0219i programul Automated Targeting System &#8211; Global (ATS-G).<\/p>\n<p>\u00cen cadrul campaniei guvernamentale pentru reducerea ratei de refuz a vizelor, MAI a alocat resurse semnificative \u0219i a dezvoltat un sistem eficient de programare pentru personalul propriu, contribuind astfel la atingerea unei rate de refuz sub 3%. Au fost \u00eenregistra\u021bi 18.365 de aplican\u021bi, ceea ce reprezint\u0103 dou\u0103 treimi din efortul guvernamental de a atinge rata de refuz de 2,61%.<\/p>\n<p>&#8222;Av\u00e2nd \u00een vedere aceste realiz\u0103ri, nu pot dec\u00e2t s\u0103 fiu de acord cu aprecierea colegilor americani exprimat\u0103 la ultima reuniune tripartit\u0103 de la Bruxelles, conform c\u0103reia Rom\u00e2nia este un exemplu de bun\u0103 practic\u0103 \u00een gestionarea unui proces at\u00e2t de amplu \u0219i complex&#8221;, a mai declarat Predoiu.\u00a0<\/p>","protected":false},"excerpt":{"rendered":"<p>&#8222;A\u0219 dori s\u0103 \u00eei mul\u021bumesc Excelen\u021bei Sale, doamna Kathleen Kavalec, pentru invita\u021bia generoas\u0103 de a&hellip;<\/p>\n","protected":false},"author":0,"featured_media":24357,"comment_status":"open","ping_status":"open","sticky":false,"template":"","format":"standard","meta":{"footnotes":""},"categories":[3],"tags":[],"class_list":["post-24356","post","type-post","status-publish","format-standard","has-post-thumbnail","hentry","category-politica"],"_links":{"self":[{"href":"https:\/\/247stiri.ro\/index.php\/wp-json\/wp\/v2\/posts\/24356","targetHints":{"allow":["GET"]}}],"collection":[{"href":"https:\/\/247stiri.ro\/index.php\/wp-json\/wp\/v2\/posts"}],"about":[{"href":"https:\/\/247stiri.ro\/index.php\/wp-json\/wp\/v2\/types\/post"}],"replies":[{"embeddable":true,"href":"https:\/\/247stiri.ro\/index.php\/wp-json\/wp\/v2\/comments?post=24356"}],"version-history":[{"count":0,"href":"https:\/\/247stiri.ro\/index.php\/wp-json\/wp\/v2\/posts\/24356\/revisions"}],"wp:featuredmedia":[{"embeddable":true,"href":"https:\/\/247stiri.ro\/index.php\/wp-json\/wp\/v2\/media\/24357"}],"wp:attachment":[{"href":"https:\/\/247stiri.ro\/index.php\/wp-json\/wp\/v2\/media?parent=24356"}],"wp:term":[{"taxonomy":"category","embeddable":true,"href":"https:\/\/247stiri.ro\/index.php\/wp-json\/wp\/v2\/categories?post=24356"},{"taxonomy":"post_tag","embeddable":true,"href":"https:\/\/247stiri.ro\/index.php\/wp-json\/wp\/v2\/tags?post=24356"}],"curies":[{"name":"wp","href":"https:\/\/api.w.org\/{rel}","templated":true}]}}