{"id":24358,"date":"2025-01-15T12:45:42","date_gmt":"2025-01-15T12:45:42","guid":{"rendered":"https:\/\/247stiri.ro\/index.php\/2025\/01\/15\/ion-iliescu-si-petre-roman-urmariti-penal-in-dosarul-mineriadei-acuzatii-extrem-de-grave-in-cel-mai-controversat-dosar-postdecembrist-numar-urias-de-victime\/"},"modified":"2025-01-15T12:45:42","modified_gmt":"2025-01-15T12:45:42","slug":"ion-iliescu-si-petre-roman-urmariti-penal-in-dosarul-mineriadei-acuzatii-extrem-de-grave-in-cel-mai-controversat-dosar-postdecembrist-numar-urias-de-victime","status":"publish","type":"post","link":"https:\/\/247stiri.ro\/index.php\/2025\/01\/15\/ion-iliescu-si-petre-roman-urmariti-penal-in-dosarul-mineriadei-acuzatii-extrem-de-grave-in-cel-mai-controversat-dosar-postdecembrist-numar-urias-de-victime\/","title":{"rendered":"Ion Iliescu \u0219i Petre Roman, URM\u0102RI\u021aI PENAL \u00een dosarul Mineriadei! ACUZA\u021aII extrem de grave \u00een cel mai controversat dosar postdecembrist: num\u0103r uria\u0219 de victime"},"content":{"rendered":"<p>&#8222;\u00cen continuarea comunicatului de pres\u0103 de data de 25 aprilie 2024 \u0219i a comunicatului de pres\u0103 din data de 26 aprilie 2024, inform\u0103m c\u0103, \u00een cauza denumit\u0103 generic \u201dMineriada din 13-15 iunie 1990\u201d, procurorul de caz din cadrul Sec\u021biei parchetelor militare a Parchetului de pe l\u00e2ng\u0103 \u00cenalta Curte de Casa\u0163ie \u015fi Justi\u0163ie a dispus \u00een cursul zilei de ast\u0103zi punerea \u00een mi\u0219care a ac\u021biunii penale fa\u021b\u0103 de 2 inculpa\u021bi sub aspectul s\u0103v\u00e2r\u0219irii de infrac\u021biuni contra umanit\u0103\u021bii, \u00een variantele normative prev. de art. 439 alin. 1 lit. a) (4 subiec\u021bi pasivi secundari), lit. f) (2 subiec\u021bi pasivi secundari), lit. g) (1311 subiec\u021bi pasivi secundari ), lit. j) (1211 subiec\u021bi pasivi secundari ) Cod penal, cu aplic. art. 5 Cod penal:\u00a0<\/p>\n<p>&#8211; Iliescu Ion, la data faptelor pre\u0219edinte al Consiliului Provizoriu de Uniune Na\u021bional\u0103 \u0219i pre\u0219edinte ales al Rom\u00e2niei;<\/p>\n<p>&#8211;\u00a0Roman Petre, la data faptelor, prim-ministru al Guvernului provizoriu al Rom\u00e2niei&#8221;, se arat\u0103 \u00een comunicat al PICCJ.<\/p>\n<p>Potrivit sursei citate, \u00een luna iunie 1990, persoane cu func\u021bie de decizie \u00een statul rom\u00e2n la acel moment au lansat o politic\u0103 de represiune \u00eempotriva popula\u021biei civile din capital\u0103, \u00een urma c\u0103reia au fost ucise 4 persoane, au fost violate 2 persoane, s-a v\u0103t\u0103mat integritatea fizic\u0103 \u0219i\/sau psihic\u0103 a peste 1300 de persoane \u015fi au fost persecutate prin lipsirea nelegal\u0103 de libertate peste 1.200 de persoane.<\/p>\n<p>Parchetul arat\u0103, de asemenea, c\u0103 \u00eencep\u00e2nd cu data de 22 aprilie 1990, \u00een Pia\u021ba Universit\u0103\u021bii din Capital\u0103 a avut loc o manifesta\u021bie care s-a desf\u0103\u0219urat pe durata mai multor s\u0103pt\u0103m\u00e2ni, respectiv p\u00e2n\u0103 la data de 13 iunie 1990.\u00a0<\/p>\n<p>Aceasta avea &#8211; spun procurorii &#8211; &#8222;caracterul unei opozi\u021bii la puterea nou instaurat\u0103 \u00een Rom\u00e2nia dup\u0103 Revolu\u0163ia din 1989, manifestan\u021bii solicit\u00e2nd verbal, prin comunicate \u0219i alte forme de protest, ruperea de regimul comunist abia \u00eenlocuit \u00een decembrie 1989, promovarea unor persoane care nu aveau un trecut de activist de partid, \u00eenfiin\u021barea unei televiziuni libere \u0219i alte astfel de revendic\u0103ri de sorginte democratic\u0103&#8221;.<\/p>\n<p>&#8222;\u00cen acest context, Iliescu Ion, Roman Petre \u015fi alte persoane din conducerea statului sau a Frontului Salv\u0103rii Na\u0163ionale au lansat un atac \u00eempotriva manifestan\u021bilor afla\u021bi fizic \u00een Pia\u021ba Universit\u0103\u021bii, care reprezenta \u00een fapt un pretext menit s\u0103 mascheze ac\u021biunea represiv\u0103 \u00eempotriva persoanelor care au participat anterior la aceste manifesta\u021bii, \u00een special liderii de opinie, precum \u0219i \u00eempotriva oric\u0103rei persoane care manifesta sau erau susceptibili de a manifesta o form\u0103 de opozi\u021bie, \u00een special studen\u0163i, intelectuali sau persoane care exprimau apropierea de valorile occidentale.<\/p>\n<p>Av\u00e2nd \u00een vedere amploarea atacului, punerea \u00een aplicare a acestuia a necesitat angrenarea unui num\u0103r foarte mare de persoane. \u00cen acest sens, persoane din conducerea statului ar fi constituit, potrivit probelor administrate, \u00a0un grup criminal de tip sistemic, eterogen, de natur\u0103 politic\u0103, administrativ\u0103, militar\u0103 \u0219i civil\u0103, \u00eenl\u0103untrul c\u0103ruia a fost implicat un num\u0103r mare de persoane, cu o contribu\u021bie de natur\u0103 \u0219i con\u021binut diferite la fapte produse la o scar\u0103 impresionant\u0103. \u00cen tabloul infrac\u021bional, persoanele care au efectuat \u00een mod fizic actele de natur\u0103 criminal\u0103 au ocupat o pozi\u021bie inferioar\u0103 \u00een ierarhia grupului, \u00eens\u0103 conceperea \u0219i orchestrarea comiterii infrac\u021biunilor a revenit conducerii politice a statului rom\u00e2n de la acel moment, prin persoanele men\u021bionate.<\/p>\n<p>Din actele administrate de procurori a rezultat coniven\u021ba la nivelul planific\u0103rii \u0219i orchestr\u0103rii planului infrac\u021bional, iar modalitatea prin care au ales s\u0103 o pun\u0103 \u00een aplicare a fost prin intermediul altor persoane, neparticipante la \u00een\u021belegere.<\/p>\n<p>Astfel, \u00eencep\u00e2nd cu data de 13 iunie 1990 a fost pus\u0103 \u00een practic\u0103 o ac\u021biune represiv\u0103 \u00eempotriva manifestan\u021bilor afla\u021bi \u00een Pia\u0163a Universit\u0103\u0163ii din Bucure\u015fti. \u00cen acest atac au fost implicate, \u00een mod nelegal, for\u021be ale Ministerului de Interne, Ministerului Ap\u0103r\u0103rii Na\u021bionale, Serviciului Rom\u00e2n de Informa\u021bii, precum \u0219i peste zece mii de mineri \u0219i al\u021bi muncitori din mai multe zone ale \u021b\u0103rii&#8221;, se mai arat\u0103 \u00een comunicatul citat.<\/p>\n<p>Sursa citat\u0103 men\u021bioneaz\u0103, totodat\u0103, c\u0103 ac\u021biunea represiv\u0103 &#8222;a avut caracterul unui atac generalizat \u0219i sistematic, \u00een cadrul c\u0103ruia au murit prin \u00eempu\u0219care a 4 persoane, au fost violate 2 persoane, au fost v\u0103t\u0103mate fizic sau psihic un \u00a0num\u0103r total de 1311 persoane&#8221;. De asemenea, 1211 persoane au fost persecutate prin privarea nelegal\u0103 de libertate.<\/p>\n<p>&#8222;Astfel, \u00een diminea\u021ba zilei de 13 iunie 1990, peste dou\u0103 sute de persoane au fost ridicate \u015fi transportate la unitatea militar\u0103 0575 M\u0103gurele a Ministerului de Interne, unde au fost re\u0163inute p\u00e2n\u0103 \u00een dup\u0103 amiaza aceleia\u015fi zile, c\u00e2nd au fost l\u0103sate s\u0103 plece, dup\u0103 o cercetare sumar\u0103.<\/p>\n<p>Conform hot\u0103r\u00e2rii luate de c\u0103tre factorii politici, conduc\u0103tori ai institu\u0163iilor de for\u0163\u0103, precum \u015fi de c\u0103tre persoane din conducerea Frontului Salv\u0103rii Na\u0163ionale, \u00een Pia\u0163a Universit\u0103\u0163ii au fost adu\u015fi muncitori de la \u00centreprinderea de Ma\u015fini Grele Bucure\u015fti, care s-au manifestat violent, agres\u00e2nd fizic persoanele aflate \u00een zona Institutului de Arhitectur\u0103, dup\u0103 care au ocupat Pia\u0163a Universit\u0103\u0163ii, \u00eempreun\u0103 cu for\u021bele de ordine, pentru a \u00eempiedica revenirea manifestan\u0163ilor.<\/p>\n<p>Ac\u0163iunile \u00eentreprinse de autorit\u0103\u0163ile statului au generat o ripost\u0103 violent\u0103 din partea opozan\u0163ilor, astfel c\u0103 au fost incendiate sediile Poli\u0163iei Capitalei, Ministerului de Interne, Televiziunii Rom\u00e2ne \u015fi Serviciului Rom\u00e2n de Informa\u0163ii.<\/p>\n<p>S-a f\u0103cut uz de arm\u0103 cu muni\u0163ie de r\u0103zboi de c\u0103tre for\u0163ele de ordine, \u00een aceste \u00eemprejur\u0103ri fiind \u00eempu\u015fcate mortal 4 persoane&#8221;, mai informeaz\u0103 instan\u021ba.<\/p>\n<p>Represiunea autorit\u0103\u0163ilor a continuat, \u00een zilele de 14 \u015fi 15 iunie 1990, printr-un atac sistematic desf\u0103\u0219urat \u00eempreun\u0103 cu minerii \u015fi muncitorii\u00a0 din mai multe jude\u0163e ale \u0163\u0103rii, care\u00a0 deveniser\u0103 o adev\u0103rat\u0103 for\u0163\u0103 de ordine, paralel\u0103 cu cele recunoscute \u015fi organizate potrivit legii.<\/p>\n<p>\u00cen acest context, minerii adu\u0219i \u00een Bucure\u0219ti au devastat sediile partidelor politice nou \u00eenfiin\u021bate sau re\u00eenfiin\u021bate dup\u0103 Revolu\u021bia din decembrie 1989 \u0219i care se aflau \u00een opozi\u021bie, locuin\u021bele principalilor lideri politici din opozi\u021bie \u0219i sedii ale publica\u021biilor de pres\u0103 independente \u0219i ale unor institu\u021bii de \u00eenv\u0103\u021b\u0103m\u00e2nt. De asemenea, au agresat locuitori ai Bucure\u0219tiului, sub pretextul c\u0103 ace\u0219tia au leg\u0103tur\u0103\u00a0 cu manifesta\u021biile din Pia\u021ba Universit\u0103\u021bii.\u00a0<\/p>\n<p>Persoanele care au fost ridicate din Pia\u021ba Universit\u0103\u021bii, \u00eempreun\u0103 cu altele considerate ca av\u00e2nd leg\u0103tur\u0103 cu manifesta\u021biile, au fost duse cu for\u021ba \u00een\u00a0 unitatea militar\u0103 0575 M\u0103gurele \u0219i \u00een incinta \u0218colii Militare Superioare de Ofi\u021beri de la B\u0103neasa, fiind private de libertate \u00eentr-un mod nelegal \u0219i \u00een spa\u021bii total improprii pentru de\u021binerea unor persoane. Privarea de libertate f\u0103r\u0103 forme legale a acestora a durat p\u00e2n\u0103 cel mai t\u00e2rziu pe data 21 iunie 1990.<\/p>\n<p>Cazarea civililor adu\u015fi de pe str\u0103zile Bucure\u015ftiului s-a realizat \u00een condi\u0163ii total improprii, \u00een garaje, at\u00e2t b\u0103rba\u0163i, c\u00e2t \u015fi femei, minori \u015fi b\u0103tr\u00e2ni. Aceste persoane s-au aflat \u00een permanen\u021b\u0103 sub paz\u0103 militar\u0103, nefiindu-le permis s\u0103 ia leg\u0103tura cu rudele sau cu altcineva din exterior, f\u0103r\u0103 a primi asisten\u021b\u0103 medical\u0103 adecvat\u0103 \u0219i fiind supuse la tratamente \u00eenjositoare \u0219i degradante (inclusiv prin simularea unor execu\u021bii colective sau prin gazarea colectiv\u0103 prin eliberarea gazelor de e\u0219apament \u00een spa\u021biile de de\u021binere).<\/p>\n<p>&#8222;Facem precizarea c\u0103 starea de fapt re\u021binut\u0103 \u0219i \u00eencadrarea juridic\u0103 a faptelor au la baz\u0103 exclusiv probatoriul administrat dup\u0103 data de 04.06.2021, dat\u0103 la care cauza a fost restituit\u0103 la parchet, ca urmare a parcurgerii procedurii de camer\u0103 preliminar\u0103, \u00een urma c\u0103reia au fost anulate toate probele administrate anterior anului 2017 \u0219i s-a constatat nulitatea actelor de urm\u0103rire anterior efectuate&#8221;, a mai transmis Parchetul.\u00a0<\/p>","protected":false},"excerpt":{"rendered":"<p>&#8222;\u00cen continuarea comunicatului de pres\u0103 de data de 25 aprilie 2024 \u0219i a comunicatului de&hellip;<\/p>\n","protected":false},"author":0,"featured_media":0,"comment_status":"open","ping_status":"open","sticky":false,"template":"","format":"standard","meta":{"footnotes":""},"categories":[2],"tags":[],"class_list":["post-24358","post","type-post","status-publish","format-standard","hentry","category-actual"],"_links":{"self":[{"href":"https:\/\/247stiri.ro\/index.php\/wp-json\/wp\/v2\/posts\/24358","targetHints":{"allow":["GET"]}}],"collection":[{"href":"https:\/\/247stiri.ro\/index.php\/wp-json\/wp\/v2\/posts"}],"about":[{"href":"https:\/\/247stiri.ro\/index.php\/wp-json\/wp\/v2\/types\/post"}],"replies":[{"embeddable":true,"href":"https:\/\/247stiri.ro\/index.php\/wp-json\/wp\/v2\/comments?post=24358"}],"version-history":[{"count":0,"href":"https:\/\/247stiri.ro\/index.php\/wp-json\/wp\/v2\/posts\/24358\/revisions"}],"wp:attachment":[{"href":"https:\/\/247stiri.ro\/index.php\/wp-json\/wp\/v2\/media?parent=24358"}],"wp:term":[{"taxonomy":"category","embeddable":true,"href":"https:\/\/247stiri.ro\/index.php\/wp-json\/wp\/v2\/categories?post=24358"},{"taxonomy":"post_tag","embeddable":true,"href":"https:\/\/247stiri.ro\/index.php\/wp-json\/wp\/v2\/tags?post=24358"}],"curies":[{"name":"wp","href":"https:\/\/api.w.org\/{rel}","templated":true}]}}