{"id":24360,"date":"2025-01-15T12:45:42","date_gmt":"2025-01-15T12:45:42","guid":{"rendered":"https:\/\/247stiri.ro\/index.php\/2025\/01\/15\/florian-coldea-din-nou-la-dna-zornait-de-catuse-pentru-generalii-legati-de-mafie\/"},"modified":"2025-01-15T12:45:42","modified_gmt":"2025-01-15T12:45:42","slug":"florian-coldea-din-nou-la-dna-zornait-de-catuse-pentru-generalii-legati-de-mafie","status":"publish","type":"post","link":"https:\/\/247stiri.ro\/index.php\/2025\/01\/15\/florian-coldea-din-nou-la-dna-zornait-de-catuse-pentru-generalii-legati-de-mafie\/","title":{"rendered":"Florian Coldea, din nou la DNA. Zorn\u0103it de c\u0103tu\u0219e pentru generalii lega\u021bi de mafie"},"content":{"rendered":"<p>La sosire, Florian Coldea a evitat s\u0103 r\u0103spund\u0103 \u00eentreb\u0103rilor presei cu privire la motivul prezen\u021bei sale \u00een fa\u021ba procurorilor. \u00centrebat dac\u0103 exist\u0103 posibilitatea ca m\u0103sura controlului judiciar s\u0103 fie \u00eenlocuit\u0103 cu arestul la domiciliu sau arestul preventiv, generalul a declarat: \u201eO s\u0103 v\u0103 spun c\u00e2teva cuvinte c\u00e2nd ies. Nu \u0219tiu despre ce e vorba\u201d.<\/p>\n<p>Florian Coldea, al\u0103turi de avocatul s\u0103u, a ajuns, miercuri, la DNA, pentru c\u0103 a expirat\u00a0m\u0103sura controlului judiciar pentru 60 de zile,\u00a0care a fost dispus\u0103\u00a0\u00eenc\u0103 de anul trecut,\u00a0de pe data de 24 mai \u0219i a fost prelungit\u0103 din 60 \u00een 60\u00a0de zile de procurori.<\/p>\n<p>Urmeaz\u0103 s\u0103 ajung\u0103 \u0219i ceilal\u021bi trei\u00a0inculpa\u021bi, respectiv generalul\u00a0Dumitru Dumbrav\u0103, dar \u0219i Dan Tocaci \u0219i Doru Tr\u0103il\u0103. Au fost audia\u021bi pe parcursul\u00a0zilei de ast\u0103zi mai mul\u021bi martori importan\u021bi\u00a0\u0219i nu este exclus s\u0103 se preschimbe aceast\u0103 m\u0103sur\u0103\u00a0\u00een una mai grav\u0103, respectiv\u00a0arestul preventiv sau la domiciliu.<\/p>\n<p>Vorbim despre o situa\u021bie\u00a0extrem de complicat\u0103 pentru c\u0103\u00a0pe masa procurilor exist\u0103 o problem\u0103 esen\u021bial\u0103,\u00a0potrivit c\u0103reia ace\u0219tia ar fi \u00eenc\u0103lcat\u00a0controlul judiciar, respectiv\u00a0o \u00eenregistrare,\u00a0\u00een urma c\u0103reia C\u0103t\u0103lin Hideg ar fi \u00eencercat s\u0103 fie convins, de c\u0103tre\u00a0un intermediar,\u00a0 trimis de Florian\u00a0Coldea, s\u0103-\u0219i retrag\u0103 at\u00e2t pl\u00e2ngerea\u00a0c\u0103t \u0219i probele de pe mas\u0103 procurorilor.<\/p>","protected":false},"excerpt":{"rendered":"<p>La sosire, Florian Coldea a evitat s\u0103 r\u0103spund\u0103 \u00eentreb\u0103rilor presei cu privire la motivul prezen\u021bei&hellip;<\/p>\n","protected":false},"author":0,"featured_media":24361,"comment_status":"open","ping_status":"open","sticky":false,"template":"","format":"standard","meta":{"footnotes":""},"categories":[2],"tags":[],"class_list":["post-24360","post","type-post","status-publish","format-standard","has-post-thumbnail","hentry","category-actual"],"_links":{"self":[{"href":"https:\/\/247stiri.ro\/index.php\/wp-json\/wp\/v2\/posts\/24360","targetHints":{"allow":["GET"]}}],"collection":[{"href":"https:\/\/247stiri.ro\/index.php\/wp-json\/wp\/v2\/posts"}],"about":[{"href":"https:\/\/247stiri.ro\/index.php\/wp-json\/wp\/v2\/types\/post"}],"replies":[{"embeddable":true,"href":"https:\/\/247stiri.ro\/index.php\/wp-json\/wp\/v2\/comments?post=24360"}],"version-history":[{"count":0,"href":"https:\/\/247stiri.ro\/index.php\/wp-json\/wp\/v2\/posts\/24360\/revisions"}],"wp:featuredmedia":[{"embeddable":true,"href":"https:\/\/247stiri.ro\/index.php\/wp-json\/wp\/v2\/media\/24361"}],"wp:attachment":[{"href":"https:\/\/247stiri.ro\/index.php\/wp-json\/wp\/v2\/media?parent=24360"}],"wp:term":[{"taxonomy":"category","embeddable":true,"href":"https:\/\/247stiri.ro\/index.php\/wp-json\/wp\/v2\/categories?post=24360"},{"taxonomy":"post_tag","embeddable":true,"href":"https:\/\/247stiri.ro\/index.php\/wp-json\/wp\/v2\/tags?post=24360"}],"curies":[{"name":"wp","href":"https:\/\/api.w.org\/{rel}","templated":true}]}}