{"id":24362,"date":"2025-01-15T12:45:43","date_gmt":"2025-01-15T12:45:43","guid":{"rendered":"https:\/\/247stiri.ro\/index.php\/2025\/01\/15\/klaus-iohannis-mesaj-de-ziua-culturii-traversam-o-perioada-marcata-de-reflectii-asupra-directiei-in-care-dorim-sa-evolueze-tara-noastra\/"},"modified":"2025-01-15T12:45:43","modified_gmt":"2025-01-15T12:45:43","slug":"klaus-iohannis-mesaj-de-ziua-culturii-traversam-o-perioada-marcata-de-reflectii-asupra-directiei-in-care-dorim-sa-evolueze-tara-noastra","status":"publish","type":"post","link":"https:\/\/247stiri.ro\/index.php\/2025\/01\/15\/klaus-iohannis-mesaj-de-ziua-culturii-traversam-o-perioada-marcata-de-reflectii-asupra-directiei-in-care-dorim-sa-evolueze-tara-noastra\/","title":{"rendered":"Klaus Iohannis, mesaj de Ziua Culturii: \u201eTravers\u0103m o perioad\u0103 marcat\u0103 de reflec\u021bii asupra direc\u021biei \u00een care dorim s\u0103 evolueze \u021bara noastr\u0103\u201d"},"content":{"rendered":"<p>\u201eCelebr\u0103m, ast\u0103zi, 175 de ani de la na\u0219terea poetului Mihai Eminescu. \u00cen semn de profund\u0103 recuno\u0219tin\u021b\u0103 pentru contribu\u021bia sa incomensurabil\u0103 la patrimoniul cultural na\u021bional \u0219i universal, 2025 a fost declarat \u201eAnul Eminescu\u201d, la ini\u021biativa Academiei Rom\u00e2ne \u0219i a Academiei de \u0218tiin\u021be a Moldovei.<\/p>\n<p>Ziua Culturii Na\u021bionale ne g\u0103se\u0219te \u00eentr-un moment de r\u0103scruce pentru viitorul Rom\u00e2niei. Am \u00eencredere c\u0103 \u00een construc\u021bia acestui viitor, pe care ni-l dorim sub semnul echilibrului \u0219i al prosperit\u0103\u021bii, cultura va avea un rol esen\u021bial. Travers\u0103m o perioad\u0103 marcat\u0103 de reflec\u021bii asupra modului \u0219i a direc\u021biei \u00een care dorim s\u0103 evolueze \u021bara noastr\u0103, a angajamentelor sale fa\u021b\u0103 de idealul european, fa\u021b\u0103 de partenerii \u0219i alia\u021bii s\u0103i din spa\u021biul european \u0219i euroatlantic \u0219i, cel mai important, fa\u021b\u0103 de tinerele genera\u021bii. Deciziile politice trebuie, a\u0219adar, s\u0103 aib\u0103 un corespondent \u00een op\u021biunea colectiv\u0103 pentru o societate bazat\u0103 pe valori autentice \u0219i performan\u021b\u0103, pe integritate, educa\u021bie \u0219i responsabilitate.<\/p>\n<p>\u201eCa s\u0103-\u021bi dai seama de nivelul culturii generale a unei na\u021bii, trebuie s\u0103 vezi ce idoli are\u201d, spunea Mihai Eminescu. \u00cen spiritul acestui \u00eendemn al celui care a \u00een\u0103l\u021bat prin crea\u021bia sa cultura rom\u00e2n\u0103 pe cele mai \u00eenalte culmi, suntem datori s\u0103 reflect\u0103m la modelele pe care vrem s\u0103 le urm\u0103m, la mesajul pe care dorim s\u0103-l transmitem tinerilor. Mihai Eminescu a apar\u021binut unei epoci pentru care cultura a \u00eensemnat adev\u0103r, libertate, sacrificiu, loialitate \u0219i datorie, o genera\u021bie care a transformat cultura \u00eentr-un veritabil scut \u00eempotriva extremismului, a xenofobiei \u0219i a discursului instigator la ur\u0103 \u0219i la violen\u021b\u0103.<\/p>\n<p>Cultura este fundamental\u0103 pentru dezvoltarea unei na\u021biuni, fiindc\u0103 define\u0219te ierarhia valorilor care ghideaz\u0103 societatea \u0219i care influen\u021beaz\u0103 destinele cet\u0103\u021benilor. Cultura academic\u0103 \u0219i cultura democra\u021biei participative sunt deopotriv\u0103 esen\u021biale pentru a sus\u021bine dialogul, cunoa\u0219terea \u0219i cooperarea dintre institu\u021bii \u0219i oameni. Datorit\u0103 idealurilor c\u0103rora elitele le-au dat glas \u00een cultura rom\u00e2n\u0103, \u021bara noastr\u0103 a putut rena\u0219te dup\u0103 r\u0103zboi, realiz\u00e2nd unitatea \u0219i modernizarea statal\u0103 \u0219i a rezistat deceniilor de dictatur\u0103 \u0219i totalitarism, rec\u00e2\u0219tig\u00e2ndu-\u0219i \u00een mod liber \u0219i demn locul \u00een Europa. \u00cen momentele fondatoare \u0219i decisive ale istoriei na\u021bionale, cultura a reprezentat for\u021ba care a inspirat solidaritatea \u00eentregului popor pentru \u00eendeplinirea proiectelor importante pentru Rom\u00e2nia\u201d, a transmis Klaus Iohannis.<\/p>\n<p>\u201eDincolo de inevitabilele dificult\u0103\u021bi, Rom\u00e2nia are, inclusiv din perspectiv\u0103 cultural\u0103, resurse umane valoroase, un poten\u021bial creativ recunoscut la nivel interna\u021bional, precum \u0219i o impresionant\u0103 mo\u0219tenire a dialogului intercultural \u0219i a bunei convie\u021buiri, \u00eentr-un spa\u021biu al diversit\u0103\u021bii culturale. \u00cen \u021bara noastr\u0103, cultura este expresia sintezei \u00eenalte a tot ceea ce diferitele comunit\u0103\u021bi etnice \u0219i lingvistice au \u00eemp\u0103rt\u0103\u0219it, au cultivat \u0219i au transmis de-a lungul genera\u021biilor, ilustr\u00e2nd principiul european al unit\u0103\u021bii \u00een diversitate.<\/p>\n<p>Mihai Eminescu a realizat \u00een poezie ceea ce George Enescu a realizat \u00een muzica sa: ancorarea specificului rom\u00e2nesc \u00een orizontul valorilor universale, d\u00e2nd culturii noastre o deschidere larg\u0103 \u0219i o con\u0219tiin\u021b\u0103 de sine \u00een dialogul cu cultura european\u0103 \u0219i mondial\u0103. Manifest\u0103rile dedicate \u201eAnului Eminescu\u201d vor revela, f\u0103r\u0103 \u00eendoial\u0103, c\u0103 Mihai Eminescu a fost \u201epoetul nepereche a c\u0103rui oper\u0103 \u00eenvinge timpul\u201d \u0219i, totodat\u0103, un patriot lucid care a crezut \u00een destinul na\u021biunii rom\u00e2ne, \u00een misiunea sa istoric\u0103. Urm\u00e2nd acestui model, oamenii de cultur\u0103 \u0219i institu\u021biile publice, creatorii \u0219i operatorii culturali trebuie s\u0103 se solidarizeze ast\u0103zi pentru a face din cultur\u0103 un reper competitiv \u0219i relevant, un pilon al rena\u0219terii na\u021bionale, o for\u021b\u0103 rezilient\u0103 \u00een reconstruc\u021bia Rom\u00e2niei de m\u00e2ine. La mul\u021bi ani rodnici culturii na\u021bionale \u0219i creatorilor ei!\u201d, a transmis Klaus Iohannis.<\/p>","protected":false},"excerpt":{"rendered":"<p>\u201eCelebr\u0103m, ast\u0103zi, 175 de ani de la na\u0219terea poetului Mihai Eminescu. \u00cen semn de profund\u0103&hellip;<\/p>\n","protected":false},"author":0,"featured_media":24353,"comment_status":"open","ping_status":"open","sticky":false,"template":"","format":"standard","meta":{"footnotes":""},"categories":[2],"tags":[],"class_list":["post-24362","post","type-post","status-publish","format-standard","has-post-thumbnail","hentry","category-actual"],"_links":{"self":[{"href":"https:\/\/247stiri.ro\/index.php\/wp-json\/wp\/v2\/posts\/24362","targetHints":{"allow":["GET"]}}],"collection":[{"href":"https:\/\/247stiri.ro\/index.php\/wp-json\/wp\/v2\/posts"}],"about":[{"href":"https:\/\/247stiri.ro\/index.php\/wp-json\/wp\/v2\/types\/post"}],"replies":[{"embeddable":true,"href":"https:\/\/247stiri.ro\/index.php\/wp-json\/wp\/v2\/comments?post=24362"}],"version-history":[{"count":0,"href":"https:\/\/247stiri.ro\/index.php\/wp-json\/wp\/v2\/posts\/24362\/revisions"}],"wp:featuredmedia":[{"embeddable":true,"href":"https:\/\/247stiri.ro\/index.php\/wp-json\/wp\/v2\/media\/24353"}],"wp:attachment":[{"href":"https:\/\/247stiri.ro\/index.php\/wp-json\/wp\/v2\/media?parent=24362"}],"wp:term":[{"taxonomy":"category","embeddable":true,"href":"https:\/\/247stiri.ro\/index.php\/wp-json\/wp\/v2\/categories?post=24362"},{"taxonomy":"post_tag","embeddable":true,"href":"https:\/\/247stiri.ro\/index.php\/wp-json\/wp\/v2\/tags?post=24362"}],"curies":[{"name":"wp","href":"https:\/\/api.w.org\/{rel}","templated":true}]}}