{"id":24363,"date":"2025-01-15T12:45:43","date_gmt":"2025-01-15T12:45:43","guid":{"rendered":"https:\/\/247stiri.ro\/index.php\/2025\/01\/15\/daniel-david-mesaj-de-ziua-culturii-nationale-trebuie-sa-iesim-in-spatiul-public-si-sa-ducem-din-nou-lumina-cunoasterii-in-zone-in-care-a-inceput-sa-reapara-intunericul-si-obscurantismul\/"},"modified":"2025-01-15T12:45:43","modified_gmt":"2025-01-15T12:45:43","slug":"daniel-david-mesaj-de-ziua-culturii-nationale-trebuie-sa-iesim-in-spatiul-public-si-sa-ducem-din-nou-lumina-cunoasterii-in-zone-in-care-a-inceput-sa-reapara-intunericul-si-obscurantismul","status":"publish","type":"post","link":"https:\/\/247stiri.ro\/index.php\/2025\/01\/15\/daniel-david-mesaj-de-ziua-culturii-nationale-trebuie-sa-iesim-in-spatiul-public-si-sa-ducem-din-nou-lumina-cunoasterii-in-zone-in-care-a-inceput-sa-reapara-intunericul-si-obscurantismul\/","title":{"rendered":"Daniel David, mesaj de Ziua Culturii Na\u021bionale: \u201eTrebuie s\u0103 ie\u0219im \u00een spa\u021biul public \u0219i s\u0103 ducem din nou lumina cunoa\u0219terii \u00een zone \u00een care a \u00eenceput s\u0103 reapar\u0103 \u00eentunericul \u0219i obscurantismul\u201d"},"content":{"rendered":"<p>\u201eM\u0103 bucur c\u0103 educa\u021bia este prezent\u0103 aici, pentru c\u0103 eu cred c\u0103 cultura na\u021bional\u0103 are o leg\u0103tur\u0103 fundamental\u0103 cu educa\u021bia. \u00cen primul r\u00e2nd, oamenii care genereaz\u0103 cultura na\u021bional\u0103 sunt oameni forma\u021bi din educa\u021bie; vorbim de arti\u0219ti, vorbim de oameni de litere, vorbim de oameni de \u0219tiin\u021b\u0103. (&#8230;)<\/p>\n<p>Cultura na\u021bional\u0103 trebuie s\u0103 fie diseminat\u0103, trebuie s\u0103 ajung\u0103 \u00een societate, trebuie s\u0103 ajung\u0103 la oameni. Eu am \u00een minte practica Universit\u0103\u021bii rom\u00e2ne\u0219ti din Cluj, care a \u00eenfiin\u021bat Extensiunea Universitar\u0103, prin care marii profesori ai universit\u0103\u021bii \u00eenfiin\u021bate \u00een 1919 au mers prin ora\u0219ele \u0219i satele Transilvaniei duc\u00e2nd lumina cunoa\u0219terii, \u00eentr-un moment c\u00e2nd acest lucru era foarte important\u201d, a declarat Daniel David.Ministrul a subliniat c\u0103, \u00een prezent, \u201ene afl\u0103m \u00eentr-o situa\u021bie similar\u0103\u201d.\u201ePentru a nu deveni o rezerva\u021bie academic\u0103, noi trebuie s\u0103 ie\u0219im \u00een spa\u021biul public \u0219i s\u0103 ducem din nou lumina cunoa\u0219terii \u00een zone \u00een care a \u00eenceput s\u0103 reapar\u0103 \u00eentunericul \u0219i obscurantismul. Este foarte important s\u0103 ne reasum\u0103m, zic eu, un iluminism modern, fiindc\u0103, altfel, suntem \u00eengrozi\u021bi de lucrurile care se nasc \u00een jurul nostru \u00eempotriva \u0219tiin\u021bei \u0219i \u00eempotriva civiliza\u021biei. (&#8230;)<\/p>\n<p>Cultura na\u021bional\u0103 reflect\u0103 lucrurile cele mai valoroase pe care rom\u00e2nii le produc \u00een zona cultural\u0103, dar, \u00een acela\u0219i timp, cultura na\u021bional\u0103 va fi cu adev\u0103rat na\u021bional\u0103 dac\u0103 \u0219tim s\u0103 o ducem la fiecare rom\u00e2n\u201d, a punctat Daniel David.\u00cen context, ministrul a eviden\u021biat c\u0103 este foarte important \u201es\u0103 ne deschidem u\u0219ile universit\u0103\u021bilor, s\u0103 deschidem u\u0219a Academiei Rom\u00e2ne\u201d \u0219i a salutat sprijinirea unor elevi olimpici pentru \u201ea ob\u021bine rezultate c\u00e2t mai bune\u201d.<\/p>","protected":false},"excerpt":{"rendered":"<p>\u201eM\u0103 bucur c\u0103 educa\u021bia este prezent\u0103 aici, pentru c\u0103 eu cred c\u0103 cultura na\u021bional\u0103 are&hellip;<\/p>\n","protected":false},"author":0,"featured_media":24364,"comment_status":"open","ping_status":"open","sticky":false,"template":"","format":"standard","meta":{"footnotes":""},"categories":[2],"tags":[],"class_list":["post-24363","post","type-post","status-publish","format-standard","has-post-thumbnail","hentry","category-actual"],"_links":{"self":[{"href":"https:\/\/247stiri.ro\/index.php\/wp-json\/wp\/v2\/posts\/24363","targetHints":{"allow":["GET"]}}],"collection":[{"href":"https:\/\/247stiri.ro\/index.php\/wp-json\/wp\/v2\/posts"}],"about":[{"href":"https:\/\/247stiri.ro\/index.php\/wp-json\/wp\/v2\/types\/post"}],"replies":[{"embeddable":true,"href":"https:\/\/247stiri.ro\/index.php\/wp-json\/wp\/v2\/comments?post=24363"}],"version-history":[{"count":0,"href":"https:\/\/247stiri.ro\/index.php\/wp-json\/wp\/v2\/posts\/24363\/revisions"}],"wp:featuredmedia":[{"embeddable":true,"href":"https:\/\/247stiri.ro\/index.php\/wp-json\/wp\/v2\/media\/24364"}],"wp:attachment":[{"href":"https:\/\/247stiri.ro\/index.php\/wp-json\/wp\/v2\/media?parent=24363"}],"wp:term":[{"taxonomy":"category","embeddable":true,"href":"https:\/\/247stiri.ro\/index.php\/wp-json\/wp\/v2\/categories?post=24363"},{"taxonomy":"post_tag","embeddable":true,"href":"https:\/\/247stiri.ro\/index.php\/wp-json\/wp\/v2\/tags?post=24363"}],"curies":[{"name":"wp","href":"https:\/\/api.w.org\/{rel}","templated":true}]}}