{"id":2437,"date":"2024-10-28T09:46:15","date_gmt":"2024-10-28T09:46:15","guid":{"rendered":"https:\/\/247stiri.ro\/index.php\/2024\/10\/28\/s-a-stins-din-viata-sotia-regretatului-poet-grigore-vieru-raisa-avea-94-de-ani\/"},"modified":"2024-10-28T09:46:15","modified_gmt":"2024-10-28T09:46:15","slug":"s-a-stins-din-viata-sotia-regretatului-poet-grigore-vieru-raisa-avea-94-de-ani","status":"publish","type":"post","link":"https:\/\/247stiri.ro\/index.php\/2024\/10\/28\/s-a-stins-din-viata-sotia-regretatului-poet-grigore-vieru-raisa-avea-94-de-ani\/","title":{"rendered":"S-a stins din via\u021b\u0103 so\u021bia regretatului poet Grigore Vieru. Raisa avea 94 de ani"},"content":{"rendered":"<p>A murit Raisa Vieru\u00a0<\/p>\n<p>So\u021bia regretatului poet Grigore Vieru, Raisa Vieru, s-a stins din via\u021b\u0103 s\u00e2mb\u0103t\u0103, 27 octombrie. Anun\u021bul despre trecerea \u00een nefiin\u021b\u0103 a fost f\u0103cut de reprezentan\u021bii Catedralei Sf\u00e2nta Teodora de la Sihla, unde aceasta va fi petrecut\u0103 pe ultimul drum.<\/p>\n<p>Slujba de priveghi a avut loc duminic\u0103, la Catedrala Sf\u00e2nta Teodora de la Sihla, conform newsmaker.md.\u00a0<\/p>\n<p>Raisa Vieru s-a n\u0103scut \u00een satul Ceama\u015f\u00eer (Prioziornoe), care acum \u00een afl\u0103 \u00een componen\u0163a regiunii Odesa, Ucraina. A fost profesoar\u0103 de limba rom\u00e2n\u0103 \u015fi latin\u0103.<\/p>\n<p>Pe 8 iunie\u00a01960\u00a0Raisa, profesoar\u0103 de limba rom\u00e2n\u0103 \u0219i latin\u0103 se c\u0103s\u0103tore\u0219te cu Grigore Vieru.\u00a0<\/p>\n<p>Pe 16 iunie 1961 se na\u0219te primul copil, Tudor, ast\u0103zi medic chirurg la Bucure\u0219ti. La 29 iunie 1965 se na\u0219te al doilea fiu al scriitorului, C\u0103lin, ast\u0103zi medic specialist \u00een acupunctur\u0103.<\/p>\n<p>Amintim c\u0103, Grigore Vieru a\u00a0\u00eencetat din via\u021b\u0103 pe 18 ianuarie 2009, \u00een urma unui grav accident de circula\u021bie\u00a0\u00een timp ce se \u00eentorcea de la Cahul spre Chi\u0219in\u0103u.\u00a0<\/p>\n<p>Grigore Vieru a fost un promotor al identit\u0103\u021bii na\u021bionale rom\u00e2ne\u0219ti \u0219i a luptat pentru p\u0103strarea \u0219i promovarea limbii rom\u00e2ne \u00een Republica Moldova.<\/p>\n<p>\u00cen semn de omagiu pentru Grigore Vieru, Raisa Vieru i-a dedicat dou\u0103 volume &#8211; \u201eUn discipol al lui Orfeu\u201d \u0219i \u201eOmul duminicii\u201d, \u00een care a adunat eseuri, \u00eensemn\u0103ri, amintiri ale prietenilor \u0219i colegilor de breasl\u0103, reflec\u021bii asupra crea\u021biei vierene, \u00eensemn\u0103ri, articole din pres\u0103 \u0219i discursuri publice \u021binute dup\u0103 moartea.<\/p>\n<p>La 16 ianuarie 2009, Grigore Vieru se \u00eentorcea din Cahul, unde participase la o ceremonie pentru omagierea poetului Mihai Eminescu. \u00cen preajma localit\u0103\u0163ii D\u0103nceni, raionul Ialoveni, automobilul \u00een care se afla poetul a fost implicat \u00eentr-un grav accident rutier.<\/p>\n<p>Grigore Vieru a fost internat la Spitalul de Urgen\u0163\u0103 \u00eentr-o stare foarte grav\u0103, cu multiple fracturi interne, iar a doua zi, starea s\u0103n\u0103t\u0103\u0163ii se ameliorase pu\u0163in, c\u00e2nd au \u00eenceput s\u0103-i lucreze rinichii \u015fi i s-a stabilizat tensiunea. \u00cen noaptea de 18 ianuarie \u00eens\u0103, la ora 01:30, poetul a decedat, \u00een urma unui atac de cord.<\/p>\n<p><a href=\"https:\/\/www.realitatea.net\/stiri\/artesipopcult\/vila-interbelica-a-fostei-miss-romania-1931-scoasa-la-vanzare-cine-a-fost-erastia-peretz-si-cat-costa-proprietatea_671a8c88f9543718762b59f7\">Vila interbelic\u0103 a fostei Miss Rom\u00e2nia 1931, scoas\u0103 la v\u00e2nzare. Cine a fost Erastia Peretz \u0219i c\u00e2t cost\u0103 proprietatea<\/a><\/p>\n<p>sursa foto: radiochisinau.md<\/p>","protected":false},"excerpt":{"rendered":"<p>A murit Raisa Vieru\u00a0 So\u021bia regretatului poet Grigore Vieru, Raisa Vieru, s-a stins din via\u021b\u0103&hellip;<\/p>\n","protected":false},"author":0,"featured_media":2419,"comment_status":"open","ping_status":"open","sticky":false,"template":"","format":"standard","meta":{"footnotes":""},"categories":[2],"tags":[],"class_list":["post-2437","post","type-post","status-publish","format-standard","has-post-thumbnail","hentry","category-actual"],"_links":{"self":[{"href":"https:\/\/247stiri.ro\/index.php\/wp-json\/wp\/v2\/posts\/2437","targetHints":{"allow":["GET"]}}],"collection":[{"href":"https:\/\/247stiri.ro\/index.php\/wp-json\/wp\/v2\/posts"}],"about":[{"href":"https:\/\/247stiri.ro\/index.php\/wp-json\/wp\/v2\/types\/post"}],"replies":[{"embeddable":true,"href":"https:\/\/247stiri.ro\/index.php\/wp-json\/wp\/v2\/comments?post=2437"}],"version-history":[{"count":0,"href":"https:\/\/247stiri.ro\/index.php\/wp-json\/wp\/v2\/posts\/2437\/revisions"}],"wp:featuredmedia":[{"embeddable":true,"href":"https:\/\/247stiri.ro\/index.php\/wp-json\/wp\/v2\/media\/2419"}],"wp:attachment":[{"href":"https:\/\/247stiri.ro\/index.php\/wp-json\/wp\/v2\/media?parent=2437"}],"wp:term":[{"taxonomy":"category","embeddable":true,"href":"https:\/\/247stiri.ro\/index.php\/wp-json\/wp\/v2\/categories?post=2437"},{"taxonomy":"post_tag","embeddable":true,"href":"https:\/\/247stiri.ro\/index.php\/wp-json\/wp\/v2\/tags?post=2437"}],"curies":[{"name":"wp","href":"https:\/\/api.w.org\/{rel}","templated":true}]}}