{"id":24370,"date":"2025-01-15T13:45:56","date_gmt":"2025-01-15T13:45:56","guid":{"rendered":"https:\/\/247stiri.ro\/index.php\/2025\/01\/15\/denuntatorul-lui-coldea-mi-au-spus-sa-ne-impacam-sa-facem-pace-daca-vreau-sa-mi-mearga-afacerile\/"},"modified":"2025-01-15T13:45:56","modified_gmt":"2025-01-15T13:45:56","slug":"denuntatorul-lui-coldea-mi-au-spus-sa-ne-impacam-sa-facem-pace-daca-vreau-sa-mi-mearga-afacerile","status":"publish","type":"post","link":"https:\/\/247stiri.ro\/index.php\/2025\/01\/15\/denuntatorul-lui-coldea-mi-au-spus-sa-ne-impacam-sa-facem-pace-daca-vreau-sa-mi-mearga-afacerile\/","title":{"rendered":"Denun\u021b\u0103torul lui Coldea: \u201eMi-au spus s\u0103 ne \u00eemp\u0103c\u0103m, s\u0103 facem pace dac\u0103 vreau s\u0103-mi mearg\u0103 afacerile\u201d"},"content":{"rendered":"<p>\u201eA\u0219 dori foarte mult s\u0103 se fac\u0103 dreptate \u00een sf\u00e2r\u0219it \u00een acest caz pentru c\u0103, dup\u0103 cum a\u021bi v\u0103zut,\u00a0controlul judiciar a fost \u00eenc\u0103lcat extrem de grav de c\u0103tre generalul Coldea \u0219i cei care au fost trimi\u0219i la mine\u00a0pentru a-mi solicita s\u0103 ne \u00eemp\u0103c\u0103m, s\u0103 \u00eemi cer iertare, s\u0103 renun\u021b la acest dosar \u0219i s\u0103 \u00eemi retrag pl\u00e2ngerea.\u00a0Toate afacerile mele au fost \u00eempiedicate s\u0103 func\u021bioneze, mi-au blocat b\u0103nci, mi-au blocat conturi, mi-au pus sechestre. Gu\u021banu a \u00eenregistrat cu mine un clip \u00een care m\u0103 ruga \u0219i \u00eemi spunea, cere-\u021bi iertare, domnul general, \u00eemp\u0103ratul Rom\u00e2niei,\u00a0el este cel care reprezint\u0103 statul, \u0219i ne-am \u00eenregistrat reciproc.<\/p>\n<p>I-am spus, eu te \u00eenregistrez pe tine, tu pe mine.\u00a0El a plecat cu \u00eenregistrarea la domnul Coldea, iar eu am \u00eenregistrarea la mine \u0219i n-am dat-o dec\u00e2t la DNA \u00een momentul \u00een care am f\u0103cut denun\u021b \u00eempotriva lor.\u00a0Uita\u021bi-v\u0103 la faptul c\u0103 cu trei zile \u00eenainte s\u0103 \u00eenceap\u0103 alegerile, judec\u0103torul Iugan de la Curtea de Apel Bucure\u0219ti \u00eei d\u0103 voie domnului general Coldea s\u0103 plece din \u021bar\u0103. C\u00e2t \u0219i domnului Tr\u0103il\u0103, c\u00e2t \u0219i domnului general Dumbrav\u0103. Cum v\u0103 imagina\u021bi c\u0103 totu\u0219i, chiar cu trei zile \u00eenainte, domnul general Coldea a avut voie s\u0103 plece din Rom\u00e2nia,\u00a0iar toat\u0103 mascarada care s-a \u00eent\u00e2mplat ulterior legat\u0103 de CCR, cu cei nou\u0103 judec\u0103tori care to\u021bi \u00eei au unitate, au ridicat m\u00e2na \u0219i au spus,\u00a0nu ave\u021bi voie s\u0103 vota\u021bi \u00eentr-un regim democratic, trebuie s\u0103 anul\u0103m alegerile pentru c\u0103 a\u0219a vrem noi.\u00a0Vede\u021bi bine c\u0103 nu exist\u0103 motive, vede\u021bi bine c\u0103 toate serviciile n-au putut s\u0103 scoat\u0103 niciun fel de cap\u0103t de acuzare la procesele care sunt acum pe rol cu C\u0103lin Georgescu,\u00a0iar aceast\u0103 nebunie nu este \u00eent\u00e2mpl\u0103toare.<\/p>\n<p>Eu cred \u00een continuare c\u0103 puterea domnului Coldea este imens\u0103, domnul Coldea de\u021bine informa\u021bii, de\u021bine date, de\u021bine dovezi despre foarte, foarte mul\u021bi oameni, \u00eencep\u00e2nd de la pre\u0219edintele Rom\u00e2niei \u00een jos\u201d, a spus C\u0103t\u0103lin Hideg.<\/p>\n<p><a href=\"https:\/\/www.realitatea.net\/stiri\/actual\/florian-coldea-din-nou-la-dna-zornait-de-catuse-pentru-generalii-legati-de-mafie_6787a7c59b6a50037151e9b2\" target=\"_blank\">Florian Coldea \u0219i Dumitru Dumbrav\u0103, din nou la DNA. Zorn\u0103it de c\u0103tu\u0219e pentru generalii lega\u021bi de mafie<\/a><\/p>","protected":false},"excerpt":{"rendered":"<p>\u201eA\u0219 dori foarte mult s\u0103 se fac\u0103 dreptate \u00een sf\u00e2r\u0219it \u00een acest caz pentru c\u0103,&hellip;<\/p>\n","protected":false},"author":0,"featured_media":24371,"comment_status":"open","ping_status":"open","sticky":false,"template":"","format":"standard","meta":{"footnotes":""},"categories":[2],"tags":[],"class_list":["post-24370","post","type-post","status-publish","format-standard","has-post-thumbnail","hentry","category-actual"],"_links":{"self":[{"href":"https:\/\/247stiri.ro\/index.php\/wp-json\/wp\/v2\/posts\/24370","targetHints":{"allow":["GET"]}}],"collection":[{"href":"https:\/\/247stiri.ro\/index.php\/wp-json\/wp\/v2\/posts"}],"about":[{"href":"https:\/\/247stiri.ro\/index.php\/wp-json\/wp\/v2\/types\/post"}],"replies":[{"embeddable":true,"href":"https:\/\/247stiri.ro\/index.php\/wp-json\/wp\/v2\/comments?post=24370"}],"version-history":[{"count":0,"href":"https:\/\/247stiri.ro\/index.php\/wp-json\/wp\/v2\/posts\/24370\/revisions"}],"wp:featuredmedia":[{"embeddable":true,"href":"https:\/\/247stiri.ro\/index.php\/wp-json\/wp\/v2\/media\/24371"}],"wp:attachment":[{"href":"https:\/\/247stiri.ro\/index.php\/wp-json\/wp\/v2\/media?parent=24370"}],"wp:term":[{"taxonomy":"category","embeddable":true,"href":"https:\/\/247stiri.ro\/index.php\/wp-json\/wp\/v2\/categories?post=24370"},{"taxonomy":"post_tag","embeddable":true,"href":"https:\/\/247stiri.ro\/index.php\/wp-json\/wp\/v2\/tags?post=24370"}],"curies":[{"name":"wp","href":"https:\/\/api.w.org\/{rel}","templated":true}]}}