{"id":24430,"date":"2025-01-15T18:44:49","date_gmt":"2025-01-15T18:44:49","guid":{"rendered":"https:\/\/247stiri.ro\/index.php\/2025\/01\/15\/tragedie-pe-strazile-din-ploiesti-un-barbat-si-a-pierdut-viata-dupa-ce-s-a-prabusit-pe-trotuar\/"},"modified":"2025-01-15T18:44:49","modified_gmt":"2025-01-15T18:44:49","slug":"tragedie-pe-strazile-din-ploiesti-un-barbat-si-a-pierdut-viata-dupa-ce-s-a-prabusit-pe-trotuar","status":"publish","type":"post","link":"https:\/\/247stiri.ro\/index.php\/2025\/01\/15\/tragedie-pe-strazile-din-ploiesti-un-barbat-si-a-pierdut-viata-dupa-ce-s-a-prabusit-pe-trotuar\/","title":{"rendered":"Tragedie pe str\u0103zile din Ploie\u0219ti: Un b\u0103rbat \u0219i-a pierdut via\u021ba dup\u0103 ce s-a pr\u0103bu\u0219it pe trotuar"},"content":{"rendered":"<p>Manevrele de resuscitare nu au avut succes<\/p>\n<p>Echipajul medical a efectuat <a href=\"https:\/\/www.realitatea.net\/stiri\/actual\/accident-mortal-in-judetul-cluj-un-barbat-a-decedat-dupa-ce-masina-in-care-se-afla-a-fost-lovita-de-tren_6787668f298e69241e794a72\" target=\"_blank\">manevre de resuscitare<\/a>, \u00eens\u0103, \u00een ciuda eforturilor depuse, b\u0103rbatul nu a r\u0103spuns la interven\u021bie. Medicii au fost nevoi\u021bi s\u0103 declare decesul la fa\u021ba locului.<\/p>\n<p>Poli\u021bia a deschis o anchet\u0103 pentru a stabili circumstan\u021bele \u00een care s-a produs decesul. Cazul este tratat momentan ca posibil\u0103 ucidere din culp\u0103, p\u00e2n\u0103 la elucidarea detaliilor.\u00a0<\/p>\n<p>Trupul ne\u00eensufle\u021bit al b\u0103rbatului a fost transportat la Serviciul de Medicin\u0103 Legal\u0103 Prahova, unde va fi efectuat\u0103 necropsia. Aceasta va stabili cauza exact\u0103 a decesului, care, potrivit primelor informa\u021bii, ar putea fi legat\u0103 de o problem\u0103 medical\u0103 subit\u0103.<\/p>\n<p>Locuitorii din zon\u0103 sunt \u0219oca\u021bi de cele \u00eent\u00e2mplate. Martorii au declarat c\u0103 incidentul s-a petrecut brusc, f\u0103r\u0103 semne prevestitoare, iar b\u0103rbatul nu p\u0103rea s\u0103 fie \u00eenso\u021bit de nimeni \u00een momentul pr\u0103bu\u0219irii.<\/p>\n<p>\u00a0P\u00e2n\u0103 la finalizarea anchetei \u0219i ob\u021binerea rezultatelor necropsiei, <a href=\"https:\/\/www.realitatea.net\/stiri\/actual\/un-sofer-a-murit-in-timp-ce-stationa-cu-masina-la-semafor-incident-halucinant-in-trafic-la-timisoara_6784eb2cc3450857cd2b2282\" target=\"_blank\">cauza exact\u0103 a decesului<\/a> r\u0103m\u00e2ne necunoscut\u0103.\u00a0<\/p>","protected":false},"excerpt":{"rendered":"<p>Manevrele de resuscitare nu au avut succes Echipajul medical a efectuat manevre de resuscitare, \u00eens\u0103,&hellip;<\/p>\n","protected":false},"author":0,"featured_media":24431,"comment_status":"open","ping_status":"open","sticky":false,"template":"","format":"standard","meta":{"footnotes":""},"categories":[2],"tags":[],"class_list":["post-24430","post","type-post","status-publish","format-standard","has-post-thumbnail","hentry","category-actual"],"_links":{"self":[{"href":"https:\/\/247stiri.ro\/index.php\/wp-json\/wp\/v2\/posts\/24430","targetHints":{"allow":["GET"]}}],"collection":[{"href":"https:\/\/247stiri.ro\/index.php\/wp-json\/wp\/v2\/posts"}],"about":[{"href":"https:\/\/247stiri.ro\/index.php\/wp-json\/wp\/v2\/types\/post"}],"replies":[{"embeddable":true,"href":"https:\/\/247stiri.ro\/index.php\/wp-json\/wp\/v2\/comments?post=24430"}],"version-history":[{"count":0,"href":"https:\/\/247stiri.ro\/index.php\/wp-json\/wp\/v2\/posts\/24430\/revisions"}],"wp:featuredmedia":[{"embeddable":true,"href":"https:\/\/247stiri.ro\/index.php\/wp-json\/wp\/v2\/media\/24431"}],"wp:attachment":[{"href":"https:\/\/247stiri.ro\/index.php\/wp-json\/wp\/v2\/media?parent=24430"}],"wp:term":[{"taxonomy":"category","embeddable":true,"href":"https:\/\/247stiri.ro\/index.php\/wp-json\/wp\/v2\/categories?post=24430"},{"taxonomy":"post_tag","embeddable":true,"href":"https:\/\/247stiri.ro\/index.php\/wp-json\/wp\/v2\/tags?post=24430"}],"curies":[{"name":"wp","href":"https:\/\/api.w.org\/{rel}","templated":true}]}}