{"id":24437,"date":"2025-01-15T19:45:35","date_gmt":"2025-01-15T19:45:35","guid":{"rendered":"https:\/\/247stiri.ro\/index.php\/2025\/01\/15\/liviu-guta-a-aparut-in-spatiul-public-dupa-ce-a-fost-dat-disparut-ce-a-marturisit-manelistul-am-suferit\/"},"modified":"2025-01-15T19:45:35","modified_gmt":"2025-01-15T19:45:35","slug":"liviu-guta-a-aparut-in-spatiul-public-dupa-ce-a-fost-dat-disparut-ce-a-marturisit-manelistul-am-suferit","status":"publish","type":"post","link":"https:\/\/247stiri.ro\/index.php\/2025\/01\/15\/liviu-guta-a-aparut-in-spatiul-public-dupa-ce-a-fost-dat-disparut-ce-a-marturisit-manelistul-am-suferit\/","title":{"rendered":"Liviu Gu\u021b\u0103 a ap\u0103rut \u00een spa\u021biul public dup\u0103 ce a fost dat disp\u0103rut. Ce a m\u0103rturisit manelistul: \u201eAm suferit!\u201d"},"content":{"rendered":"<p>\u201eNu sunt mort, nici \u00een Panama\u201d<\/p>\n<p>\u00cen urma zvonurilor care \u00eel plasau fie \u00een Panama, fie \u00eentr-o situa\u021bie dramatic\u0103, <a href=\"https:\/\/www.realitatea.net\/stiri\/actual\/liviu-guta-a-disparut-fara-urme-nimeni-nu-stie-nimic-de-celebrul-manelist_6786b07af1fcfc4fa361deb2\" target=\"_blank\">Liviu Gu\u021b\u0103<\/a> a sim\u021bit nevoia s\u0103 \u00ee\u0219i reasigure fanii.\u00a0<\/p>\n<p>\u201eAm trecut prin foarte multe. Nu are nimeni voie s\u0103 m\u0103 denigreze pentru c\u0103 am probleme. Cum vine asta? M-am chinuit, am pl\u00e2ns, fra\u021bilor. Am stat \u0219i am pl\u00e2ns singur de la chinul prin care am trecut. Fi\u021bi umani pentru c\u0103 prin iubire pute\u021bi s\u0103 \u00eenvinge\u021bi orice \u00een lumea asta. Nu vorbi\u021bi oamenii de r\u0103u! Este loc pentru toat\u0103 lumea pe p\u0103m\u00e2ntul acesta. (\u2026)<\/p>\n<p>Eu sunt con\u0219tient c\u0103 nu am gre\u0219it \u00een via\u021ba vie\u021bii mele cu nimic. Prin toat\u0103 suferin\u021ba mea, prin care am trecut eu acum, nu am gre\u0219it niciodat\u0103 cu nimic. Nu \u0219tiu de ce se \u00eent\u00e2mpl\u0103 lucrurile acestea. Habar nu am. C\u00e2teodat\u0103 m\u0103 uit pe tavan \u0219i m\u0103 g\u00e2ndesc de ce nu mai exist\u0103 umanitate, iubire \u00eentre oameni, de ce nu se ajut\u0103 oamenii \u00eentre ei, de ce trebuie s\u0103 vorbe\u0219ti despre problemele unui om. (\u2026) S\u0103 aud\u0103 toat\u0103 lumea c\u0103 nu sunt mort, nu sunt nici \u00een Panama.\u201d, a m\u0103rturisit manelistul.<\/p>\n<p>De\u0219i nu a oferit detalii precise despre motivele absen\u021bei sale sau despre loca\u021bia actual\u0103, Liviu Gu\u021b\u0103 a l\u0103sat s\u0103 se \u00een\u021beleag\u0103 c\u0103 perioada de izolare a fost una necesar\u0103 pentru a-\u0219i g\u0103si echilibrul.<\/p>\n<p>Artistul s-a ar\u0103tat dezam\u0103git de lipsa de empatie a unor oameni, subliniind importan\u021ba sprijinului reciproc.<\/p>\n<p>Gu\u021b\u0103 a adresat un mesaj direct celor care l-au criticat sau au contribuit la alimentarea zvonurilor: \u201eNu voi fi niciodat\u0103 sup\u0103rat pe nimeni, indiferent ce s-a vorbit. \u00cen sufletul meu \u0219tiu c\u0103 oamenii nu \u0219i-au dat seama de impactul vorbelor lor.\u201d<\/p>\n<p>Revenirea \u00een prim-plan<\/p>\n<p>Reapari\u021bia sa public\u0103 a fost primit\u0103 cu entuziasm de fanii care l-au sus\u021binut pe parcursul carierei sale. Liviu Gu\u021b\u0103 a promis c\u0103 va reveni cur\u00e2nd acas\u0103, al\u0103turi de familie \u0219i prieteni, \u0219i c\u0103 va relua activitatea muzical\u0103.<\/p>\n<p>Declara\u021biile lui <a href=\"https:\/\/www.realitatea.net\/stiri\/ultimele-stiri\/liviu-guta--amenintat-in-direct-sa-aiba-grija-de-acum-inainte--eu-atat-ii-zic_5dcc91cc406af85273ccb2d7\" target=\"_blank\">Liviu Gu\u021b\u0103<\/a> sunt un exemplu despre puterea de a merge mai departe, indiferent de obstacole.\u00a0<\/p>\n<p>Fanii s\u0103i a\u0219teapt\u0103 cu ner\u0103bdare revenirea \u00een lumea muzical\u0103 a unui om care, prin talent \u0219i sinceritate, a r\u0103mas o figur\u0103 emblematic\u0103 a muzicii de petrecere din Rom\u00e2nia.<\/p>\n<p><a title=\"@tiktokforyou.8\" href=\"https:\/\/www.tiktok.com\/@tiktokforyou.8?refer=embed\" target=\"_blank\">@tiktokforyou.8<\/a> Deci&#8230; Liviu Gu\u021b\u0103 nu a murit&#8230;o s\u0103 revin\u0103 \u00een for\u021b\u0103 cur\u00e2nd!!!\ud83d\udcaf\ud83d\udc4f\ud83d\udc4f@kalu.show @Liviu Gu\u021b\u0103 \u00ae <a title=\"viral\" href=\"https:\/\/www.tiktok.com\/tag\/viral?refer=embed\" target=\"_blank\">#viral<\/a><a title=\"fy\" href=\"https:\/\/www.tiktok.com\/tag\/fy?refer=embed\" target=\"_blank\">#fy<\/a> <a title=\"fyp\" href=\"https:\/\/www.tiktok.com\/tag\/fyp?refer=embed\" target=\"_blank\">#fyp<\/a> <a title=\"foryou\" href=\"https:\/\/www.tiktok.com\/tag\/foryou?refer=embed\" target=\"_blank\">#foryou<\/a> <a title=\"liviugutaoficial\" href=\"https:\/\/www.tiktok.com\/tag\/liviugutaoficial?refer=embed\" target=\"_blank\">#liviugutaoficial<\/a> <a title=\"viral\" href=\"https:\/\/www.tiktok.com\/tag\/viral?refer=embed\" target=\"_blank\">#viral<\/a> <a title=\"\u266c sunet original - \u0e53.\u0454.\u03c2\" href=\"https:\/\/www.tiktok.com\/music\/sunet-original-7459870510986464032?refer=embed\" target=\"_blank\">\u266c sunet original &#8211; \u0e53.\u0454.\u03c2<\/a><\/p>","protected":false},"excerpt":{"rendered":"<p>\u201eNu sunt mort, nici \u00een Panama\u201d \u00cen urma zvonurilor care \u00eel plasau fie \u00een Panama,&hellip;<\/p>\n","protected":false},"author":0,"featured_media":24438,"comment_status":"open","ping_status":"open","sticky":false,"template":"","format":"standard","meta":{"footnotes":""},"categories":[8],"tags":[],"class_list":["post-24437","post","type-post","status-publish","format-standard","has-post-thumbnail","hentry","category-lifestyle"],"_links":{"self":[{"href":"https:\/\/247stiri.ro\/index.php\/wp-json\/wp\/v2\/posts\/24437","targetHints":{"allow":["GET"]}}],"collection":[{"href":"https:\/\/247stiri.ro\/index.php\/wp-json\/wp\/v2\/posts"}],"about":[{"href":"https:\/\/247stiri.ro\/index.php\/wp-json\/wp\/v2\/types\/post"}],"replies":[{"embeddable":true,"href":"https:\/\/247stiri.ro\/index.php\/wp-json\/wp\/v2\/comments?post=24437"}],"version-history":[{"count":0,"href":"https:\/\/247stiri.ro\/index.php\/wp-json\/wp\/v2\/posts\/24437\/revisions"}],"wp:featuredmedia":[{"embeddable":true,"href":"https:\/\/247stiri.ro\/index.php\/wp-json\/wp\/v2\/media\/24438"}],"wp:attachment":[{"href":"https:\/\/247stiri.ro\/index.php\/wp-json\/wp\/v2\/media?parent=24437"}],"wp:term":[{"taxonomy":"category","embeddable":true,"href":"https:\/\/247stiri.ro\/index.php\/wp-json\/wp\/v2\/categories?post=24437"},{"taxonomy":"post_tag","embeddable":true,"href":"https:\/\/247stiri.ro\/index.php\/wp-json\/wp\/v2\/tags?post=24437"}],"curies":[{"name":"wp","href":"https:\/\/api.w.org\/{rel}","templated":true}]}}