{"id":24465,"date":"2025-01-15T21:44:48","date_gmt":"2025-01-15T21:44:48","guid":{"rendered":"https:\/\/247stiri.ro\/index.php\/2025\/01\/15\/grigore-lese-transportat-de-urgenta-cu-ambulanta-la-spital-ce-s-a-intamplat-cu-indragitul-artist-popular\/"},"modified":"2025-01-15T21:44:48","modified_gmt":"2025-01-15T21:44:48","slug":"grigore-lese-transportat-de-urgenta-cu-ambulanta-la-spital-ce-s-a-intamplat-cu-indragitul-artist-popular","status":"publish","type":"post","link":"https:\/\/247stiri.ro\/index.php\/2025\/01\/15\/grigore-lese-transportat-de-urgenta-cu-ambulanta-la-spital-ce-s-a-intamplat-cu-indragitul-artist-popular\/","title":{"rendered":"Grigore Le\u0219e, transportat de urgen\u021b\u0103 cu ambulan\u021ba la spital. Ce s-a \u00eent\u00e2mplat cu \u00eendr\u0103gitul artist popular"},"content":{"rendered":"<p>Potrivit medicului \u0219ef al UPU- SMURD, Ramona Guraliuc, interpretul de muzic\u0103 tradi\u021bional\u0103 rom\u00e2neasc\u0103 a fost preluat de ambulan\u021b\u0103 de la hotelul \u00een care era cazat, dup\u0103 ce s-a sim\u021bit r\u0103u \u0219i a sunat la 112.&#8217;El a fost preluat de la hotel, dup\u0103 spectacol. A prezentat o pierdere acut\u0103 a st\u0103rii de con\u0219tien\u021b\u0103. (&#8230;) Acum este stabil din punct de vedere hemodinamic \u0219i este \u00een curs de investiga\u021bii paraclinice&#8217;, a afirmat Guraliuc.Le\u0219e a fost invitatul special al galei de la Boto\u0219ani, el sus\u021bin\u00e2nd recitalul dup\u0103 ce organizatorii au anun\u021bat laureatul edi\u021biei din acest an a Premiului Na\u021bional de Poezie &#8216;Mihai Eminescu&#8217;.Poeta Grete Tartler, \u00een v\u00e2rst\u0103 de 76 de ani, a ob\u021binut, miercuri, Premiul Na\u021bional de Poezie &#8216;Mihai Eminescu&#8217;- Opera Omnia pentru anul 2024, acordat de Prim\u0103ria Boto\u0219ani, \u00een colaborare cu Funda\u021bia Cultural\u0103 &#8216;Hyperion- Caiete Boto\u0219\u0103nene&#8217; \u0219i Uniunea Scriitorilor din Rom\u00e2nia.\u00a0<\/p>\n<p><a title='Grigore Lese, Aurel Tamas, Niculina Stoican si alti artisti, la Festivalului de Folclor ,,Felician Farcasiu\" de la Sebes. PROGRAM' href=\"https:\/\/www.realitatea.net\/stiri\/ultimele-stiri\/grigore-le%C8%99e--aurel-tama%C8%99--niculina-stoican-%C8%99i-al%C8%9Bi-arti%C8%99ti--la-festivalului-de-folclor-felician-farcasiu%E2%80%9D-de-la-sebe%C8%99--program_5dcc9284406af85273d830a0\">Grigore Le\u0219e, Aurel T\u0103ma\u0219, Niculina Stoican \u0219i al\u021bi arti\u0219ti, la Festivalului de Folclor \u201eFelician F\u0103rca\u015fiu\u201d de la Sebe\u0219. PROGRAM<\/a><\/p>","protected":false},"excerpt":{"rendered":"<p>Potrivit medicului \u0219ef al UPU- SMURD, Ramona Guraliuc, interpretul de muzic\u0103 tradi\u021bional\u0103 rom\u00e2neasc\u0103 a fost&hellip;<\/p>\n","protected":false},"author":0,"featured_media":24466,"comment_status":"open","ping_status":"open","sticky":false,"template":"","format":"standard","meta":{"footnotes":""},"categories":[2],"tags":[],"class_list":["post-24465","post","type-post","status-publish","format-standard","has-post-thumbnail","hentry","category-actual"],"_links":{"self":[{"href":"https:\/\/247stiri.ro\/index.php\/wp-json\/wp\/v2\/posts\/24465","targetHints":{"allow":["GET"]}}],"collection":[{"href":"https:\/\/247stiri.ro\/index.php\/wp-json\/wp\/v2\/posts"}],"about":[{"href":"https:\/\/247stiri.ro\/index.php\/wp-json\/wp\/v2\/types\/post"}],"replies":[{"embeddable":true,"href":"https:\/\/247stiri.ro\/index.php\/wp-json\/wp\/v2\/comments?post=24465"}],"version-history":[{"count":0,"href":"https:\/\/247stiri.ro\/index.php\/wp-json\/wp\/v2\/posts\/24465\/revisions"}],"wp:featuredmedia":[{"embeddable":true,"href":"https:\/\/247stiri.ro\/index.php\/wp-json\/wp\/v2\/media\/24466"}],"wp:attachment":[{"href":"https:\/\/247stiri.ro\/index.php\/wp-json\/wp\/v2\/media?parent=24465"}],"wp:term":[{"taxonomy":"category","embeddable":true,"href":"https:\/\/247stiri.ro\/index.php\/wp-json\/wp\/v2\/categories?post=24465"},{"taxonomy":"post_tag","embeddable":true,"href":"https:\/\/247stiri.ro\/index.php\/wp-json\/wp\/v2\/tags?post=24465"}],"curies":[{"name":"wp","href":"https:\/\/api.w.org\/{rel}","templated":true}]}}