{"id":24478,"date":"2025-01-16T05:47:16","date_gmt":"2025-01-16T05:47:16","guid":{"rendered":"https:\/\/247stiri.ro\/index.php\/2025\/01\/16\/zi-cruciala-decizia-privind-reluarea-turului-2-al-prezidentialelor-soarta-democratiei-in-mainile-magistratilor-de-la-iccj\/"},"modified":"2025-01-16T05:47:16","modified_gmt":"2025-01-16T05:47:16","slug":"zi-cruciala-decizia-privind-reluarea-turului-2-al-prezidentialelor-soarta-democratiei-in-mainile-magistratilor-de-la-iccj","status":"publish","type":"post","link":"https:\/\/247stiri.ro\/index.php\/2025\/01\/16\/zi-cruciala-decizia-privind-reluarea-turului-2-al-prezidentialelor-soarta-democratiei-in-mainile-magistratilor-de-la-iccj\/","title":{"rendered":"Zi crucial\u0103: DECIZIA privind reluarea turului 2 al preziden\u021bialelor. Soarta democra\u021biei, \u00een m\u00e2inile magistra\u021bilor de la ICCJ"},"content":{"rendered":"<p>\u00cenalta Curte de Casa\u021bie \u0219i Justi\u021bie dezbate, ast\u0103zi, recursul declarat de C\u0103lin Georgescu \u00een dosarul anul\u0103rii alegerilor preziden\u021biale.<\/p>\n<p>Procesul este programat de la ora 13:30, la Sec\u021bia de contencios administrativ.<\/p>\n<p>C\u0103lin Georgescu \u0219i Coali\u021bia pentru Ap\u0103rarea Statului de Drept au dat \u00een judecat\u0103 Biroul Electoral Central \u0219i mai multe institu\u021bii (Ministerul Ap\u0103r\u0103rii, Statul Major al Ap\u0103r\u0103rii, Guvern, Parchetul General, Curtea Constitu\u021bional\u0103, Serviciul Rom\u00e2n de Informa\u021bii), dar \u0219i pe pre\u0219edintele Klaus Iohannis \u0219i pe Elena Lasconi (USR), solicit\u00e2nd anularea a dou\u0103 hot\u0103r\u00e2ri ale BEC prin care s-a dispus reluarea alegerilor preziden\u021biale de la zero, \u00een baza deciziei Cur\u021bii Constitu\u021bionale.<\/p>\n<p>Pe 31 decembrie 2024, Curtea de Apel Bucure\u0219ti a respins ac\u021biunea deschis\u0103 de C\u0103lin Georgescu, \u00eens\u0103 acesta a f\u0103cut recurs.<\/p>\n<p>\u00cen motivarea deciziei, Curtea de Apel Bucure\u0219ti sus\u021binea c\u0103 Biroul Electoral Central nu a f\u0103cut dec\u00e2t s\u0103 pun\u0103 \u00een aplicare decizia Cur\u021bii Constitu\u021bionale din 6 decembrie de anulare a alegerilor, iar deciziile CCR sunt definitive \u0219i obligatorii, prin urmare nu pot fi analizate \u00een instan\u021b\u0103.<\/p>\n<p>De asemenea, instan\u021ba spunea c\u0103, prin anularea alegerilor preziden\u021biale, BEC nu a \u00eenc\u0103lcat drepturi civile \u0219i fundamentale ale cet\u0103\u021benilor prev\u0103zute \u00een Constitu\u021bie (dreptul de a vota, de a fi ales).<\/p>\n<p>\u00cen plus, Guvernul nu mai avea temei legal, dup\u0103 decizia CCR, s\u0103 stabileasc\u0103 programul \u0219i data organiz\u0103rii turului doi al alegerilor.<\/p>\n<p>\u00a0<\/p>","protected":false},"excerpt":{"rendered":"<p>\u00cenalta Curte de Casa\u021bie \u0219i Justi\u021bie dezbate, ast\u0103zi, recursul declarat de C\u0103lin Georgescu \u00een dosarul&hellip;<\/p>\n","protected":false},"author":0,"featured_media":24479,"comment_status":"open","ping_status":"open","sticky":false,"template":"","format":"standard","meta":{"footnotes":""},"categories":[3],"tags":[],"class_list":["post-24478","post","type-post","status-publish","format-standard","has-post-thumbnail","hentry","category-politica"],"_links":{"self":[{"href":"https:\/\/247stiri.ro\/index.php\/wp-json\/wp\/v2\/posts\/24478","targetHints":{"allow":["GET"]}}],"collection":[{"href":"https:\/\/247stiri.ro\/index.php\/wp-json\/wp\/v2\/posts"}],"about":[{"href":"https:\/\/247stiri.ro\/index.php\/wp-json\/wp\/v2\/types\/post"}],"replies":[{"embeddable":true,"href":"https:\/\/247stiri.ro\/index.php\/wp-json\/wp\/v2\/comments?post=24478"}],"version-history":[{"count":0,"href":"https:\/\/247stiri.ro\/index.php\/wp-json\/wp\/v2\/posts\/24478\/revisions"}],"wp:featuredmedia":[{"embeddable":true,"href":"https:\/\/247stiri.ro\/index.php\/wp-json\/wp\/v2\/media\/24479"}],"wp:attachment":[{"href":"https:\/\/247stiri.ro\/index.php\/wp-json\/wp\/v2\/media?parent=24478"}],"wp:term":[{"taxonomy":"category","embeddable":true,"href":"https:\/\/247stiri.ro\/index.php\/wp-json\/wp\/v2\/categories?post=24478"},{"taxonomy":"post_tag","embeddable":true,"href":"https:\/\/247stiri.ro\/index.php\/wp-json\/wp\/v2\/tags?post=24478"}],"curies":[{"name":"wp","href":"https:\/\/api.w.org\/{rel}","templated":true}]}}