{"id":24496,"date":"2025-01-16T06:45:00","date_gmt":"2025-01-16T06:45:00","guid":{"rendered":"https:\/\/247stiri.ro\/index.php\/2025\/01\/16\/dosarul-alegerilor-ce-se-intampla-daca-magistratii-iccj-raspund-pozitiv-recursului-candidatului-calin-georgescu\/"},"modified":"2025-01-16T06:45:00","modified_gmt":"2025-01-16T06:45:00","slug":"dosarul-alegerilor-ce-se-intampla-daca-magistratii-iccj-raspund-pozitiv-recursului-candidatului-calin-georgescu","status":"publish","type":"post","link":"https:\/\/247stiri.ro\/index.php\/2025\/01\/16\/dosarul-alegerilor-ce-se-intampla-daca-magistratii-iccj-raspund-pozitiv-recursului-candidatului-calin-georgescu\/","title":{"rendered":"Dosarul alegerilor. Ce se \u00eent\u00e2mpl\u0103 dac\u0103 magistra\u021bii ICCJ r\u0103spund POZITIV recursului candidatului C\u0103lin Georgescu"},"content":{"rendered":"<p>\u00cen doar c\u00e2teva ore, magistra\u021bii de la ICCJ vor judeca recursul format de avoca\u021bii candidatului independent C\u0103lin Georgescu, asta dup\u0103 ce magistra\u021bii de la Curtea de Apel au respins toate cererile \u0219i motivele formulate de c\u0103tre ap\u0103rarea acestuia.<\/p>\n<p>Decizia de ast\u0103zi va fi hot\u0103r\u00e2toare pentru politic\u0103, dar \u0219i pentru soarta justi\u021biei.<\/p>\n<p>\u00cen paralel, s-au pornit proceduri \u0219i demersuri de urgen\u021b\u0103 din partea organismelor juridice interna\u021bionale.<\/p>\n<p>\u00cen contextul \u00een care va fi un r\u0103spuns pozitiv, finala preziden\u021bial\u0103 se poate relua cu aceia\u0219i candida\u021bi: C\u0103lin Georgescu \u0219i Elena Lasconi.<\/p>","protected":false},"excerpt":{"rendered":"<p>\u00cen doar c\u00e2teva ore, magistra\u021bii de la ICCJ vor judeca recursul format de avoca\u021bii candidatului&hellip;<\/p>\n","protected":false},"author":0,"featured_media":24497,"comment_status":"open","ping_status":"open","sticky":false,"template":"","format":"standard","meta":{"footnotes":""},"categories":[3],"tags":[],"class_list":["post-24496","post","type-post","status-publish","format-standard","has-post-thumbnail","hentry","category-politica"],"_links":{"self":[{"href":"https:\/\/247stiri.ro\/index.php\/wp-json\/wp\/v2\/posts\/24496","targetHints":{"allow":["GET"]}}],"collection":[{"href":"https:\/\/247stiri.ro\/index.php\/wp-json\/wp\/v2\/posts"}],"about":[{"href":"https:\/\/247stiri.ro\/index.php\/wp-json\/wp\/v2\/types\/post"}],"replies":[{"embeddable":true,"href":"https:\/\/247stiri.ro\/index.php\/wp-json\/wp\/v2\/comments?post=24496"}],"version-history":[{"count":0,"href":"https:\/\/247stiri.ro\/index.php\/wp-json\/wp\/v2\/posts\/24496\/revisions"}],"wp:featuredmedia":[{"embeddable":true,"href":"https:\/\/247stiri.ro\/index.php\/wp-json\/wp\/v2\/media\/24497"}],"wp:attachment":[{"href":"https:\/\/247stiri.ro\/index.php\/wp-json\/wp\/v2\/media?parent=24496"}],"wp:term":[{"taxonomy":"category","embeddable":true,"href":"https:\/\/247stiri.ro\/index.php\/wp-json\/wp\/v2\/categories?post=24496"},{"taxonomy":"post_tag","embeddable":true,"href":"https:\/\/247stiri.ro\/index.php\/wp-json\/wp\/v2\/tags?post=24496"}],"curies":[{"name":"wp","href":"https:\/\/api.w.org\/{rel}","templated":true}]}}