{"id":24498,"date":"2025-01-16T06:45:01","date_gmt":"2025-01-16T06:45:01","guid":{"rendered":"https:\/\/247stiri.ro\/index.php\/2025\/01\/16\/calendarul-alegerilor-prezidentiale-2025-pe-masa-guvernului-ce-alte-proiecte-importante-sunt-pe-ordinea-de-zi\/"},"modified":"2025-01-16T06:45:01","modified_gmt":"2025-01-16T06:45:01","slug":"calendarul-alegerilor-prezidentiale-2025-pe-masa-guvernului-ce-alte-proiecte-importante-sunt-pe-ordinea-de-zi","status":"publish","type":"post","link":"https:\/\/247stiri.ro\/index.php\/2025\/01\/16\/calendarul-alegerilor-prezidentiale-2025-pe-masa-guvernului-ce-alte-proiecte-importante-sunt-pe-ordinea-de-zi\/","title":{"rendered":"Calendarul alegerilor preziden\u021biale 2025, pe masa Guvernului. Ce alte proiecte importante sunt pe ordinea de zi"},"content":{"rendered":"<p>Actul normativ stabile\u0219te ca primul tur de scrutin s\u0103 aib\u0103 loc pe 4 mai.<\/p>\n<p>Potrivit notei de fundamentare, perioada electoral\u0103 urmeaz\u0103 s\u0103 \u00eenceap\u0103 pe 18 februarie, c\u00e2nd va intra \u00een vigoare hot\u0103r\u00e2rea de Guvern.<\/p>\n<p>Membrii Cabinetului Ciolacu vor analiza \u0219i un proiect de hot\u0103r\u00e2re privind stabilirea datei alegerilor locale par\u021biale pentru pre\u0219edintele Consiliului Jude\u021bean Bihor \u0219i pentru primari \u00een mai multe localit\u0103\u021bi. Alegerile din Bihor au loc \u00een contextul \u00een care Ilie Bolojan a demisionat din func\u021bia de pre\u0219edinte al Consiliului jude\u021bean dup\u0103 ce a fost ales senator.<\/p>\n<p>Ce alte proiecte sunt pe ordinea de zi<\/p>\n<p>Pe ordinea de zi a reuniunii se afl\u0103 \u0219i un proiect de ordonan\u021b\u0103 de urgen\u021b\u0103 privind unele m\u0103suri pentru organizarea \u0219i desf\u0103\u0219urarea alegerilor preziden\u021biale \u0219i a alegerilor locale par\u021biale din acest an.<\/p>\n<p>Guvernul va stabili, printr-o alt\u0103 hot\u0103r\u00e2re, contingentul de lucr\u0103tori str\u0103ini nou-admi\u0219i pe pia\u021ba for\u021bei de munc\u0103 \u00een 2025. Proiectul de act normativ propune un contingent de 100.000 de lucr\u0103tori str\u0103ini nou-admi\u0219i.<\/p>\n<p>Agenda \u0219edin\u021bei Executivului include \u0219i mai multe hot\u0103r\u00e2ri viz\u00e2nd indicatorii tehnico-economici pentru o serie de obiective de investi\u021bii \u00een infrastructura rutier\u0103: drum de leg\u0103tur\u0103 \u00eentre DX Br\u0103ila &#8211; Gala\u021bi \u0219i VO Gala\u021bi; noi noduri rutiere pe A0 &#8211; km 48, jude\u021bul Ilfov; modernizarea drumurilor existente \u00eentre Gala\u021bi \u0219i Hanu Conachi &#8211; DN 2B \u0219i DN25.<\/p>\n<p>Va fi analizat \u0219i un proiect de hot\u0103r\u00e2re privind aprobarea pl\u0103\u021bii contribu\u021biei financiare voluntare a Rom\u00e2niei la Organiza\u021bia pentru Cooperare \u0219i Dezvoltare Economic\u0103 (OCDE), din bugetul anual aprobat al Secretariatului General al Guvernului, \u00een vederea finan\u021b\u0103rii traducerii \u0219i public\u0103rii \u00een limba rom\u00e2n\u0103 a Ghidului OCDE privind guvernan\u021ba corporativ\u0103 a \u00eentreprinderilor de stat.<\/p>\n<p>Printr-un memorandum, Guvernul va aproba ordonatorii principali de credite ai bugetului de stat ale c\u0103ror cheltuieli vor fi prezentate \u00een Strategia fiscal-bugetar\u0103 pentru perioada 2025 &#8211; 2027.<\/p>\n<p>&#8222;Av\u00e2nd \u00een vedere demararea activit\u0103\u021bii de elaborare a proiectului Strategiei fiscal-bugetare pentru perioada 2025 &#8211; 2027, propunem aprobarea urm\u0103torilor ordonatori principali de credite ale c\u0103ror cheltuieli din bugetul de stat vor fi prezentate \u00een Strategia fiscal-bugetar\u0103 pentru perioada 2025-2027: Ministerul Muncii, Familiei, Tineretului \u0219i Solidarit\u0103\u021bii Sociale; Ministerul Educa\u021biei \u0219i Cercet\u0103rii; Ministerul Transporturilor \u0219i Infrastructurii; Ministerul Ap\u0103r\u0103rii Na\u021bionale; Ministerul Afacerilor Interne; Ministerul Agriculturii \u0219i Dezvolt\u0103rii Rurale; Ministerul Dezvolt\u0103rii, Lucr\u0103rilor Publice \u0219i Administra\u021biei; Ministerul S\u0103n\u0103t\u0103\u021bii; Ministerul Investi\u021biilor \u0219i Proiectelor Europene; Ministerul Finan\u021belor&#8221;, se arat\u0103 \u00een memorandum.<\/p>","protected":false},"excerpt":{"rendered":"<p>Actul normativ stabile\u0219te ca primul tur de scrutin s\u0103 aib\u0103 loc pe 4 mai. Potrivit&hellip;<\/p>\n","protected":false},"author":0,"featured_media":24499,"comment_status":"open","ping_status":"open","sticky":false,"template":"","format":"standard","meta":{"footnotes":""},"categories":[3],"tags":[],"class_list":["post-24498","post","type-post","status-publish","format-standard","has-post-thumbnail","hentry","category-politica"],"_links":{"self":[{"href":"https:\/\/247stiri.ro\/index.php\/wp-json\/wp\/v2\/posts\/24498","targetHints":{"allow":["GET"]}}],"collection":[{"href":"https:\/\/247stiri.ro\/index.php\/wp-json\/wp\/v2\/posts"}],"about":[{"href":"https:\/\/247stiri.ro\/index.php\/wp-json\/wp\/v2\/types\/post"}],"replies":[{"embeddable":true,"href":"https:\/\/247stiri.ro\/index.php\/wp-json\/wp\/v2\/comments?post=24498"}],"version-history":[{"count":0,"href":"https:\/\/247stiri.ro\/index.php\/wp-json\/wp\/v2\/posts\/24498\/revisions"}],"wp:featuredmedia":[{"embeddable":true,"href":"https:\/\/247stiri.ro\/index.php\/wp-json\/wp\/v2\/media\/24499"}],"wp:attachment":[{"href":"https:\/\/247stiri.ro\/index.php\/wp-json\/wp\/v2\/media?parent=24498"}],"wp:term":[{"taxonomy":"category","embeddable":true,"href":"https:\/\/247stiri.ro\/index.php\/wp-json\/wp\/v2\/categories?post=24498"},{"taxonomy":"post_tag","embeddable":true,"href":"https:\/\/247stiri.ro\/index.php\/wp-json\/wp\/v2\/tags?post=24498"}],"curies":[{"name":"wp","href":"https:\/\/api.w.org\/{rel}","templated":true}]}}