{"id":24504,"date":"2025-01-16T06:45:03","date_gmt":"2025-01-16T06:45:03","guid":{"rendered":"https:\/\/247stiri.ro\/index.php\/2025\/01\/16\/preturile-medicamentelor-au-explodat-s-au-raportat-scumpiri-de-15-pacientii-cer-ajutorul-ministerului-sanatatii\/"},"modified":"2025-01-16T06:45:03","modified_gmt":"2025-01-16T06:45:03","slug":"preturile-medicamentelor-au-explodat-s-au-raportat-scumpiri-de-15-pacientii-cer-ajutorul-ministerului-sanatatii","status":"publish","type":"post","link":"https:\/\/247stiri.ro\/index.php\/2025\/01\/16\/preturile-medicamentelor-au-explodat-s-au-raportat-scumpiri-de-15-pacientii-cer-ajutorul-ministerului-sanatatii\/","title":{"rendered":"PRE\u021aURILE medicamentelor au explodat! S-au raportat SCUMPIRI de 15%: pacien\u021bii cer ajutorul Ministerului S\u0103n\u0103t\u0103\u021bii"},"content":{"rendered":"<p>Pre\u021burile medicamentelor au crescut alarmant \u00een ultima lun\u0103, cu p\u00e2n\u0103 la 15%. Farmaciile pun aceast\u0103 situa\u021bie pe seama costurilor mari de produc\u021bie \u0219i import ale medicamentelor. Mul\u021bi pacien\u021bi, \u00een special cei v\u00e2rstnici, spun c\u0103 tratamentele esen\u021biale devin inaccesibile, iar cei cu venituri mici sunt cei mai afecta\u021bi.<\/p>\n<p>&#8222;Consider c\u0103 sunt destul de scumpe. \u00cen ideea c\u0103 foarte mult\u0103 lume este bolnav\u0103, \u0219i mai ales pentru pensionari, care sunt cei mai bolnavi, consider totu\u0219i c\u0103 e ridicat. Consider c\u0103 statul ar trebui s\u0103 intervin\u0103&#8221;, spune un rom\u00e2n.\u00a0<\/p>\n<p>Oficialii din Ministerul S\u0103n\u0103t\u0103\u021bii au anun\u021bat c\u0103 monitorizeaz\u0103 situa\u021bia \u0219i caut\u0103 solu\u021bii. Printre acestea se num\u0103r\u0103 plafonarea pre\u021burilor pentru medicamentele esen\u021biale \u0219i cre\u0219terea bugetului pentru compensa\u021bii. Cu toate acestea, \u00eenc\u0103 nu a fost luat\u0103 nicio decizie concret\u0103.<\/p>\n<p>&#8222;Sunt prea scumpe. Prea exagerat \u0219i nici nu prea se g\u0103sesc. Nu aprovizioneaz\u0103 nici m\u0103car cu alea scumpe. Am nevoie de medicamente. \u00cen fiecare lun\u0103 dau 300 de lei&#8221;, a povestit un altul.\u00a0<\/p>\n<p>Pacien\u021bii cer ca statul s\u0103 intervin\u0103 de urgen\u021b\u0103 pentru a proteja categoriile vulnerabile.\u00a0<\/p>","protected":false},"excerpt":{"rendered":"<p>Pre\u021burile medicamentelor au crescut alarmant \u00een ultima lun\u0103, cu p\u00e2n\u0103 la 15%. Farmaciile pun aceast\u0103&hellip;<\/p>\n","protected":false},"author":0,"featured_media":24505,"comment_status":"open","ping_status":"open","sticky":false,"template":"","format":"standard","meta":{"footnotes":""},"categories":[2],"tags":[],"class_list":["post-24504","post","type-post","status-publish","format-standard","has-post-thumbnail","hentry","category-actual"],"_links":{"self":[{"href":"https:\/\/247stiri.ro\/index.php\/wp-json\/wp\/v2\/posts\/24504","targetHints":{"allow":["GET"]}}],"collection":[{"href":"https:\/\/247stiri.ro\/index.php\/wp-json\/wp\/v2\/posts"}],"about":[{"href":"https:\/\/247stiri.ro\/index.php\/wp-json\/wp\/v2\/types\/post"}],"replies":[{"embeddable":true,"href":"https:\/\/247stiri.ro\/index.php\/wp-json\/wp\/v2\/comments?post=24504"}],"version-history":[{"count":0,"href":"https:\/\/247stiri.ro\/index.php\/wp-json\/wp\/v2\/posts\/24504\/revisions"}],"wp:featuredmedia":[{"embeddable":true,"href":"https:\/\/247stiri.ro\/index.php\/wp-json\/wp\/v2\/media\/24505"}],"wp:attachment":[{"href":"https:\/\/247stiri.ro\/index.php\/wp-json\/wp\/v2\/media?parent=24504"}],"wp:term":[{"taxonomy":"category","embeddable":true,"href":"https:\/\/247stiri.ro\/index.php\/wp-json\/wp\/v2\/categories?post=24504"},{"taxonomy":"post_tag","embeddable":true,"href":"https:\/\/247stiri.ro\/index.php\/wp-json\/wp\/v2\/tags?post=24504"}],"curies":[{"name":"wp","href":"https:\/\/api.w.org\/{rel}","templated":true}]}}