{"id":24506,"date":"2025-01-16T06:45:03","date_gmt":"2025-01-16T06:45:03","guid":{"rendered":"https:\/\/247stiri.ro\/index.php\/2025\/01\/16\/detinutii-din-targu-jiu-paziti-de-bucatari-ordonanta-trenulet-vinovata-pentru-revoltatoarea-situatie-explicatia-liderului-sindical\/"},"modified":"2025-01-16T06:45:03","modified_gmt":"2025-01-16T06:45:03","slug":"detinutii-din-targu-jiu-paziti-de-bucatari-ordonanta-trenulet-vinovata-pentru-revoltatoarea-situatie-explicatia-liderului-sindical","status":"publish","type":"post","link":"https:\/\/247stiri.ro\/index.php\/2025\/01\/16\/detinutii-din-targu-jiu-paziti-de-bucatari-ordonanta-trenulet-vinovata-pentru-revoltatoarea-situatie-explicatia-liderului-sindical\/","title":{"rendered":"De\u021binu\u021bii din T\u00e2rgu Jiu, p\u0103zi\u021bi de buc\u0103tari! Ordonan\u021ba &#8222;trenule\u021b&#8221;, vinovat\u0103 pentru revolt\u0103toarea situa\u021bie: explica\u021bia liderului sindical"},"content":{"rendered":"<p>Poli\u021bi\u0219tii refuz\u0103 s\u0103 mai fac\u0103 ore suplimentare \u0219i avertizeaz\u0103 c\u0103 sistemul risc\u0103 s\u0103 intre \u00een colaps. Problemele deja au \u00eenceput s\u0103 apar\u0103, iar de\u021binu\u021bii din penitenciarul T\u00e2rgu Jiu sunt p\u0103zi\u021bi de buc\u0103tarii care nu au nicio calificare \u00een acest sens.<\/p>\n<p>Toat\u0103 structura din sistemul de Ap\u0103rare care poate prostesta &#8211; m\u0103 refer la Poli\u021bie \u0219i la Penitenciare, pe 17 ianuarie vor merge la Bucure\u0219ti pentru un miting de protest, urm\u00e2nd ca ulterior &#8211; pe l\u00e2ng\u0103 mitingurile pe care le vom organiza local &#8211; s\u0103 \u00eenceap\u0103 \u0219i refuzul de munc\u0103 suplimentar\u0103.\u00a0La momentul \u0103sta nu se mai face nicio or\u0103 suplimentar\u0103, a\u0219a cum am promis din decembrie.\u00a0<\/p>\n<p>Personalul din sistemul operativ, respectiv personalul din schimburi, care era cel care ducea greul acestor misiuni, \u00een sensul dep\u0103\u0219irii plafonului de ore al lunii a refuzat acest lucru, sens \u00een care acum se deruleaz\u0103 misiunile cu personal din administra\u021bie, respectiv personal din alte sectoare&#8221;, a declarat Florin \u0218chiopu, pre\u0219edintele Federa\u021biei Sindicatelor din Sistemul Penitenciar.\u00a0<\/p>\n<p>Ministrul Justi\u021biei trebuie s\u0103 g\u0103seasc\u0103 solu\u021bii pentru paza de\u021binu\u021bilor pentru c\u0103 angaja\u021bii din penitenciare refuz\u0103 orele suplimentare dac\u0103 revendic\u0103rile lor nu vor fi solu\u021bionate.<\/p>\n<p>&#8222;De\u0219i ministrul Justi\u021biei zicea c\u0103 nu va activa niciun plan de cooperare, eu cred c\u0103 mai devreme sau mai t\u00e2rziu o va face pentru c\u0103 suntem deci\u0219i ca \u00een situa\u021bia \u00een care nu ne este aplicat\u0103 ordonan\u021ba \u0219i avute \u00een vedere toate drepturile salariale la noiembrie 2024, nu vom reveni la aceast\u0103 form\u0103 de protest. Ei sunt cei care au \u00eenc\u0103lcat \u00een\u021belegerea \u0219i, ca atare, lucururile trebuie s\u0103 fie rezolvate tot de ei&#8221;, a mai spus sindicalistul.\u00a0<\/p>","protected":false},"excerpt":{"rendered":"<p>Poli\u021bi\u0219tii refuz\u0103 s\u0103 mai fac\u0103 ore suplimentare \u0219i avertizeaz\u0103 c\u0103 sistemul risc\u0103 s\u0103 intre \u00een&hellip;<\/p>\n","protected":false},"author":0,"featured_media":24507,"comment_status":"open","ping_status":"open","sticky":false,"template":"","format":"standard","meta":{"footnotes":""},"categories":[2],"tags":[],"class_list":["post-24506","post","type-post","status-publish","format-standard","has-post-thumbnail","hentry","category-actual"],"_links":{"self":[{"href":"https:\/\/247stiri.ro\/index.php\/wp-json\/wp\/v2\/posts\/24506","targetHints":{"allow":["GET"]}}],"collection":[{"href":"https:\/\/247stiri.ro\/index.php\/wp-json\/wp\/v2\/posts"}],"about":[{"href":"https:\/\/247stiri.ro\/index.php\/wp-json\/wp\/v2\/types\/post"}],"replies":[{"embeddable":true,"href":"https:\/\/247stiri.ro\/index.php\/wp-json\/wp\/v2\/comments?post=24506"}],"version-history":[{"count":0,"href":"https:\/\/247stiri.ro\/index.php\/wp-json\/wp\/v2\/posts\/24506\/revisions"}],"wp:featuredmedia":[{"embeddable":true,"href":"https:\/\/247stiri.ro\/index.php\/wp-json\/wp\/v2\/media\/24507"}],"wp:attachment":[{"href":"https:\/\/247stiri.ro\/index.php\/wp-json\/wp\/v2\/media?parent=24506"}],"wp:term":[{"taxonomy":"category","embeddable":true,"href":"https:\/\/247stiri.ro\/index.php\/wp-json\/wp\/v2\/categories?post=24506"},{"taxonomy":"post_tag","embeddable":true,"href":"https:\/\/247stiri.ro\/index.php\/wp-json\/wp\/v2\/tags?post=24506"}],"curies":[{"name":"wp","href":"https:\/\/api.w.org\/{rel}","templated":true}]}}