{"id":24520,"date":"2025-01-16T07:45:13","date_gmt":"2025-01-16T07:45:13","guid":{"rendered":"https:\/\/247stiri.ro\/index.php\/2025\/01\/16\/care-sunt-masurile-de-austeritate-pe-care-le-va-cuprine-bugetul-coalitiei-premierul-ciolacu-a-facut-anuntul\/"},"modified":"2025-01-16T07:45:13","modified_gmt":"2025-01-16T07:45:13","slug":"care-sunt-masurile-de-austeritate-pe-care-le-va-cuprine-bugetul-coalitiei-premierul-ciolacu-a-facut-anuntul","status":"publish","type":"post","link":"https:\/\/247stiri.ro\/index.php\/2025\/01\/16\/care-sunt-masurile-de-austeritate-pe-care-le-va-cuprine-bugetul-coalitiei-premierul-ciolacu-a-facut-anuntul\/","title":{"rendered":"Care sunt m\u0103surile de austeritate pe care le va cuprine bugetul Coali\u021biei. Premierul Ciolacu a f\u0103cut anun\u021bul"},"content":{"rendered":"<p>Printre m\u0103surile importante incluse \u00een proiectul bugetului se num\u0103r\u0103 \u00eenghe\u021barea salariilor \u0219i pensiilor, precum \u0219i am\u00e2narea index\u0103rii acestora cu infla\u021bia.<\/p>\n<p>Ministrul Finan\u021belor a explicat c\u0103 se va interveni doar punctual pentru ajustarea pensiilor foarte mici, iar valoarea TVA va r\u0103m\u00e2ne 19%. De asemenea, Guvernul a dat asigur\u0103ri c\u0103 nu vor fi introduse noi taxe.<\/p>\n<p>Un alt punct important vizeaz\u0103 ajutoarele pentru pensionari, care vor intra \u00een vigoare dup\u0103 aprobarea bugetului, dar valoarea acestora nu a fost \u00eenc\u0103 f\u0103cut\u0103 public\u0103. Aceste ajutoare vor fi destinate persoanelor vulnerabile, \u00een special celor cu pensii medii \u0219i mici, noteaz\u0103 ziare.com.<\/p>\n<p>Premierul Ciolacu a subliniat inten\u021bia Guvernului de a p\u0103stra cota unic\u0103 de impozitare, dar \u0219i dorin\u021ba de a introduce un impozit progresiv. Detaliile exacte ale acestui sistem de impozitare \u00eenc\u0103 nu au fost stabilite, urm\u00e2nd s\u0103 fie clarificate \u00een cadrul \u0219edin\u021bei de Guvern de ast\u0103zi.<\/p>\n<p>Cum va ar\u0103ta bugetul Rom\u00e2niei \u00een 2025:<\/p>\n<p>&#8211; Deficitul bugetar va fi de maximum 7% din PIB<\/p>\n<p>&#8211; Investi\u021biile vor reprezenta 7% din PIB<\/p>\n<p>&#8211; TVA va r\u0103m\u00e2ne la 19%<\/p>\n<p>&#8211; Nu se va indexa pensiile cu infla\u021bia<\/p>\n<p>&#8211; Impozitul pe venit nu va cre\u0219te<\/p>\n<p>&#8211; Salariile vor r\u0103m\u00e2ne la nivelul din noiembrie 2024<\/p>\n<p>Prin aceste m\u0103suri \u0219i estim\u0103ri Guvernul urm\u0103re\u0219te intrarea \u00eentr-o criz\u0103 economic\u0103, \u00een 2025.<\/p>","protected":false},"excerpt":{"rendered":"<p>Printre m\u0103surile importante incluse \u00een proiectul bugetului se num\u0103r\u0103 \u00eenghe\u021barea salariilor \u0219i pensiilor, precum \u0219i&hellip;<\/p>\n","protected":false},"author":0,"featured_media":24521,"comment_status":"open","ping_status":"open","sticky":false,"template":"","format":"standard","meta":{"footnotes":""},"categories":[2],"tags":[],"class_list":["post-24520","post","type-post","status-publish","format-standard","has-post-thumbnail","hentry","category-actual"],"_links":{"self":[{"href":"https:\/\/247stiri.ro\/index.php\/wp-json\/wp\/v2\/posts\/24520","targetHints":{"allow":["GET"]}}],"collection":[{"href":"https:\/\/247stiri.ro\/index.php\/wp-json\/wp\/v2\/posts"}],"about":[{"href":"https:\/\/247stiri.ro\/index.php\/wp-json\/wp\/v2\/types\/post"}],"replies":[{"embeddable":true,"href":"https:\/\/247stiri.ro\/index.php\/wp-json\/wp\/v2\/comments?post=24520"}],"version-history":[{"count":0,"href":"https:\/\/247stiri.ro\/index.php\/wp-json\/wp\/v2\/posts\/24520\/revisions"}],"wp:featuredmedia":[{"embeddable":true,"href":"https:\/\/247stiri.ro\/index.php\/wp-json\/wp\/v2\/media\/24521"}],"wp:attachment":[{"href":"https:\/\/247stiri.ro\/index.php\/wp-json\/wp\/v2\/media?parent=24520"}],"wp:term":[{"taxonomy":"category","embeddable":true,"href":"https:\/\/247stiri.ro\/index.php\/wp-json\/wp\/v2\/categories?post=24520"},{"taxonomy":"post_tag","embeddable":true,"href":"https:\/\/247stiri.ro\/index.php\/wp-json\/wp\/v2\/tags?post=24520"}],"curies":[{"name":"wp","href":"https:\/\/api.w.org\/{rel}","templated":true}]}}