{"id":24522,"date":"2025-01-16T07:45:14","date_gmt":"2025-01-16T07:45:14","guid":{"rendered":"https:\/\/247stiri.ro\/index.php\/2025\/01\/16\/incepe-oficial-programul-rabla-pentru-sobe-cati-bani-ofera-statul-romanilor-care-aplica\/"},"modified":"2025-01-16T07:45:14","modified_gmt":"2025-01-16T07:45:14","slug":"incepe-oficial-programul-rabla-pentru-sobe-cati-bani-ofera-statul-romanilor-care-aplica","status":"publish","type":"post","link":"https:\/\/247stiri.ro\/index.php\/2025\/01\/16\/incepe-oficial-programul-rabla-pentru-sobe-cati-bani-ofera-statul-romanilor-care-aplica\/","title":{"rendered":"\u00cencepe oficial programul &#8222;Rabla pentru sobe&#8221;. C\u00e2\u021bi bani ofer\u0103 statul rom\u00e2nilor care aplic\u0103"},"content":{"rendered":"<p>\u201eAre o mic\u0103 \u00eent\u00e2rziere. Este foarte adev\u0103rat, pentru c\u0103 discut\u00e2nd despre un program pilot am \u00eencercat s\u0103 ne asigur\u0103m c\u0103 el va func\u021biona. Am \u00eencercat s\u0103 definim foarte bine anumite no\u021biuni, cum ar fi cea de sobar autorizat. Am renun\u021bat la o parte din din toate aceste lucruri de foarte mare detaliu, care puteau mai mult s\u0103 \u00eencurce dec\u00e2t s\u0103 ajute programul. Din acest motiv l-am mai pus \u00eenc\u0103 o dat\u0103 \u00een transparen\u021b\u0103, \u00een luna decembrie a mai cerut \u00eenc\u0103 un feedback din partea instalatorilor, din partea sobarilor, din partea cet\u0103\u021benilor. P\u00e2n\u0103 la urm\u0103 \u0219i cred c\u0103 ast\u0103zi avem toate informa\u021biile pentru a putea s\u0103 lans\u0103m acest program. Eu sunt convins c\u0103 \u00een prima parte a anului \u00een sezonul rece \u00eel vom lansa, f\u0103r\u0103 \u00eendoial\u0103, cel t\u00e2rziu \u00een luna februarie\u201d, a declarat Mircea Fechet, ministrul Mediului, la un post TV.<\/p>\n<p>Mircea Fechet a explicat de ce a \u00eent\u00e2rziat acest program pilot.<\/p>\n<p>\u201eAcum un an \u0219i jum\u0103tate, el a fost scris de la zero, a fost pus \u00een consultare, am avut lungi dezbateri pe marginea lui \u0219i cred eu c\u0103 acum, \u00een prima parte a anului, \u00eel vom lansa \u0219i vom vedea cum merge. E posibil s\u0103 constat\u0103m c\u0103 mai avem de f\u0103cut anumite corec\u021bii din mers, dar dec\u00e2t s\u0103 a\u0219tept\u0103m, cred c\u0103 e mai bine s\u0103 s\u0103-l pornim\u201d, a mai spus Ministrul Mediului.<\/p>\n<p>Administra\u0163ia Fondului pentru Mediu va finan\u021ba 70% din cheltuiala cu instalarea unei sobe eficiente energetic, dar nu mai mult de 10.000 de lei.\u00a0<\/p>\n<p>Potrivit ministrului Mediului, Rom\u00e2nia nu va renun\u0163a la lemnul de foc ca surs\u0103 de \u00eenc\u0103lzire nici acum, nici \u00een viitor.<\/p>","protected":false},"excerpt":{"rendered":"<p>\u201eAre o mic\u0103 \u00eent\u00e2rziere. Este foarte adev\u0103rat, pentru c\u0103 discut\u00e2nd despre un program pilot am&hellip;<\/p>\n","protected":false},"author":0,"featured_media":0,"comment_status":"open","ping_status":"open","sticky":false,"template":"","format":"standard","meta":{"footnotes":""},"categories":[2],"tags":[],"class_list":["post-24522","post","type-post","status-publish","format-standard","hentry","category-actual"],"_links":{"self":[{"href":"https:\/\/247stiri.ro\/index.php\/wp-json\/wp\/v2\/posts\/24522","targetHints":{"allow":["GET"]}}],"collection":[{"href":"https:\/\/247stiri.ro\/index.php\/wp-json\/wp\/v2\/posts"}],"about":[{"href":"https:\/\/247stiri.ro\/index.php\/wp-json\/wp\/v2\/types\/post"}],"replies":[{"embeddable":true,"href":"https:\/\/247stiri.ro\/index.php\/wp-json\/wp\/v2\/comments?post=24522"}],"version-history":[{"count":0,"href":"https:\/\/247stiri.ro\/index.php\/wp-json\/wp\/v2\/posts\/24522\/revisions"}],"wp:attachment":[{"href":"https:\/\/247stiri.ro\/index.php\/wp-json\/wp\/v2\/media?parent=24522"}],"wp:term":[{"taxonomy":"category","embeddable":true,"href":"https:\/\/247stiri.ro\/index.php\/wp-json\/wp\/v2\/categories?post=24522"},{"taxonomy":"post_tag","embeddable":true,"href":"https:\/\/247stiri.ro\/index.php\/wp-json\/wp\/v2\/tags?post=24522"}],"curies":[{"name":"wp","href":"https:\/\/api.w.org\/{rel}","templated":true}]}}