{"id":24523,"date":"2025-01-16T07:45:14","date_gmt":"2025-01-16T07:45:14","guid":{"rendered":"https:\/\/247stiri.ro\/index.php\/2025\/01\/16\/politistul-violator-eugen-stan-gasit-mort-in-inchisoare-barbatul-care-a-abuzat-18-persoane-printre-care-si-minori-avea-de-ispasit-20-de-ani-de-puscarie\/"},"modified":"2025-01-16T07:45:14","modified_gmt":"2025-01-16T07:45:14","slug":"politistul-violator-eugen-stan-gasit-mort-in-inchisoare-barbatul-care-a-abuzat-18-persoane-printre-care-si-minori-avea-de-ispasit-20-de-ani-de-puscarie","status":"publish","type":"post","link":"https:\/\/247stiri.ro\/index.php\/2025\/01\/16\/politistul-violator-eugen-stan-gasit-mort-in-inchisoare-barbatul-care-a-abuzat-18-persoane-printre-care-si-minori-avea-de-ispasit-20-de-ani-de-puscarie\/","title":{"rendered":"Poli\u021bistul VIOLATOR Eugen Stan, g\u0103sit mort \u00een \u00eenchisoare. B\u0103rbatul care a abuzat 18 persoane, printre care \u0219i minori, avea de isp\u0103\u0219it 20 de ani de pu\u0219c\u0103rie"},"content":{"rendered":"<p>Eugen Stan a fost g\u0103sit mort \u00een cursul zilei de mar\u021bi, 14 ianuarie, sus\u021bin surse\u00a0din cadrul Administra\u021biei Na\u021bionale a Penitenciarelor (ANP). Potrivit surselor citate, Stan a fost transferat de la Penitenciarul Giurgiu la M\u0103rgineni.<\/p>\n<p>Anchetatorii spun c\u0103 pe corpul b\u0103rbatului nu erau urme vizibile de violen\u021b\u0103, principala ipotez\u0103 fiind c\u0103 moartea de\u021binutului a fost una natural\u0103, cunoscut fiind faptul c\u0103 acesta avea un istoric medical. Cauza exact\u0103 a mor\u021bii urmeaz\u0103 s\u0103 fie stabilit\u0103 de medicii legi\u0219ti.\u00a0<\/p>\n<p>Cazul violurilor \u00een serie comise de Eugen Stan a st\u00e2rnit un val de reac\u021bii \u00een spa\u021biul public. Poli\u021bistul a fost arestat la \u00eenceputul anului 2018, fiind acuzat c\u0103 a urm\u0103rit doi copii, un b\u0103iat \u0219i o feti\u021b\u0103, pe care i-a abuzat sexual \u00een liftul unui bloc din Sectorul 6.<\/p>\n<p><a href=\"https:\/\/www.realitatea.net\/stiri\/actual\/surse-politistul-pedofil-a-recunoscut-tot_5dcc9262406af85273d6ba53\" target=\"_blank\">SURSE: Poli\u0163istul pedofil a recunoscut tot<\/a><\/p>\n<p>B\u0103rbatul lucra ca agent \u00een cadrul Brig\u0103zii de Poli\u021bie Rutier\u0103. \u00cen urma anchetei, procurorii au stabilit c\u0103 poli\u021bistul \u00ee\u0219i urm\u0103rea victimele \u00een drumul lor spre cas\u0103 \u0219i le ataca \u00een scar\u0103 sau dup\u0103 ce se urcau \u00een lift.<\/p>\n<p>Poli\u021bistul a agresat sexual 18 persoane, cu v\u00e2rste \u00eentre 5 \u0219i 38 de ani, \u00een diferite locuri din Bucure\u0219ti, \u00een perioada 2 noiembrie 2009 \u2013 5 ianuarie 2018.<\/p>\n<p>Drept urmare, Eugen Stan a fost condamnat definitiv de magistra\u021bii Cur\u021bii de Apel Bucure\u0219ti la 20 de ani de deten\u021bie, la sf\u00e2r\u0219itul lunii octombrie 2020. La scurt timp dup\u0103 \u00eencarcerare, b\u0103rbatul a\u00eenceput s\u0103 acuze probleme medicale. El a suferit chiar un AVC \u0219i a solicitat \u00eentreruperea pedepsei pe caz de boal\u0103.<\/p>\n<p>\u00a0<\/p>","protected":false},"excerpt":{"rendered":"<p>Eugen Stan a fost g\u0103sit mort \u00een cursul zilei de mar\u021bi, 14 ianuarie, sus\u021bin surse\u00a0din&hellip;<\/p>\n","protected":false},"author":0,"featured_media":24524,"comment_status":"open","ping_status":"open","sticky":false,"template":"","format":"standard","meta":{"footnotes":""},"categories":[2],"tags":[],"class_list":["post-24523","post","type-post","status-publish","format-standard","has-post-thumbnail","hentry","category-actual"],"_links":{"self":[{"href":"https:\/\/247stiri.ro\/index.php\/wp-json\/wp\/v2\/posts\/24523","targetHints":{"allow":["GET"]}}],"collection":[{"href":"https:\/\/247stiri.ro\/index.php\/wp-json\/wp\/v2\/posts"}],"about":[{"href":"https:\/\/247stiri.ro\/index.php\/wp-json\/wp\/v2\/types\/post"}],"replies":[{"embeddable":true,"href":"https:\/\/247stiri.ro\/index.php\/wp-json\/wp\/v2\/comments?post=24523"}],"version-history":[{"count":0,"href":"https:\/\/247stiri.ro\/index.php\/wp-json\/wp\/v2\/posts\/24523\/revisions"}],"wp:featuredmedia":[{"embeddable":true,"href":"https:\/\/247stiri.ro\/index.php\/wp-json\/wp\/v2\/media\/24524"}],"wp:attachment":[{"href":"https:\/\/247stiri.ro\/index.php\/wp-json\/wp\/v2\/media?parent=24523"}],"wp:term":[{"taxonomy":"category","embeddable":true,"href":"https:\/\/247stiri.ro\/index.php\/wp-json\/wp\/v2\/categories?post=24523"},{"taxonomy":"post_tag","embeddable":true,"href":"https:\/\/247stiri.ro\/index.php\/wp-json\/wp\/v2\/tags?post=24523"}],"curies":[{"name":"wp","href":"https:\/\/api.w.org\/{rel}","templated":true}]}}