{"id":24526,"date":"2025-01-16T07:45:15","date_gmt":"2025-01-16T07:45:15","guid":{"rendered":"https:\/\/247stiri.ro\/index.php\/2025\/01\/16\/hotul-care-a-furat-trei-picioare-amputate-dintr-un-spital-din-bucuresti-a-fost-prins-un-membru-inferior-de-negasit\/"},"modified":"2025-01-16T07:45:15","modified_gmt":"2025-01-16T07:45:15","slug":"hotul-care-a-furat-trei-picioare-amputate-dintr-un-spital-din-bucuresti-a-fost-prins-un-membru-inferior-de-negasit","status":"publish","type":"post","link":"https:\/\/247stiri.ro\/index.php\/2025\/01\/16\/hotul-care-a-furat-trei-picioare-amputate-dintr-un-spital-din-bucuresti-a-fost-prins-un-membru-inferior-de-negasit\/","title":{"rendered":"Ho\u021bul care a furat trei picioare amputate dintr-un spital din Bucure\u0219ti a fost prins! Un membru inferior, de neg\u0103sit"},"content":{"rendered":"<p>Incidentul, care a avut loc pe 10 ianuarie, a atras aten\u021bia publicului prin natura sa neobi\u0219nuit\u0103. Suspectul a fost surprins de camerele de supraveghere intr\u00e2nd \u00een anexa destinat\u0103 de\u0219eurilor medicale a spitalului \u0219i a plecat cu cele trei picioare amputate. Potrivit Poli\u021biei Capitalei, dou\u0103 dintre membrele amputate au fost ulterior g\u0103site \u2013 unul pe bulevardul Dacia \u0219i altul l\u00e2ng\u0103 depozitul spitalului. Cel de-al treilea picior, \u00eens\u0103, r\u0103m\u00e2ne de neg\u0103sit.<\/p>\n<p>Direc\u021bia de S\u0103n\u0103tate Public\u0103 (DSP) a amendat doi angaja\u021bi ai spitalului pentru nerespectarea procedurilor de securizare a de\u0219eurilor medicale. De asemenea, autorit\u0103\u021bile investigheaz\u0103 posibilele motive din spatele furtului.<\/p>\n<p><a href=\"https:\/\/www.realitatea.net\/stiri\/actual\/a-fost-gasit-inca-un-picior-amputat-dintre-cele-furate-de-la-spitalul-cantacuzino-introsatura-de-situatie-ce-varianta-ia-acum-in-calcul-politia_6786444499d0b811cf1f7d7f\" target=\"_blank\">A fost g\u0103sit \u00eenc\u0103 un picior amputat dintre cele furate de la Spitalul Cantacuzino! \u00centros\u0103tur\u0103 de situa\u021bie: ce variant\u0103 ia acum \u00een calcul poli\u021bia<\/a><\/p>","protected":false},"excerpt":{"rendered":"<p>Incidentul, care a avut loc pe 10 ianuarie, a atras aten\u021bia publicului prin natura sa&hellip;<\/p>\n","protected":false},"author":0,"featured_media":24527,"comment_status":"open","ping_status":"open","sticky":false,"template":"","format":"standard","meta":{"footnotes":""},"categories":[2],"tags":[],"class_list":["post-24526","post","type-post","status-publish","format-standard","has-post-thumbnail","hentry","category-actual"],"_links":{"self":[{"href":"https:\/\/247stiri.ro\/index.php\/wp-json\/wp\/v2\/posts\/24526","targetHints":{"allow":["GET"]}}],"collection":[{"href":"https:\/\/247stiri.ro\/index.php\/wp-json\/wp\/v2\/posts"}],"about":[{"href":"https:\/\/247stiri.ro\/index.php\/wp-json\/wp\/v2\/types\/post"}],"replies":[{"embeddable":true,"href":"https:\/\/247stiri.ro\/index.php\/wp-json\/wp\/v2\/comments?post=24526"}],"version-history":[{"count":0,"href":"https:\/\/247stiri.ro\/index.php\/wp-json\/wp\/v2\/posts\/24526\/revisions"}],"wp:featuredmedia":[{"embeddable":true,"href":"https:\/\/247stiri.ro\/index.php\/wp-json\/wp\/v2\/media\/24527"}],"wp:attachment":[{"href":"https:\/\/247stiri.ro\/index.php\/wp-json\/wp\/v2\/media?parent=24526"}],"wp:term":[{"taxonomy":"category","embeddable":true,"href":"https:\/\/247stiri.ro\/index.php\/wp-json\/wp\/v2\/categories?post=24526"},{"taxonomy":"post_tag","embeddable":true,"href":"https:\/\/247stiri.ro\/index.php\/wp-json\/wp\/v2\/tags?post=24526"}],"curies":[{"name":"wp","href":"https:\/\/api.w.org\/{rel}","templated":true}]}}