{"id":24528,"date":"2025-01-16T07:45:15","date_gmt":"2025-01-16T07:45:15","guid":{"rendered":"https:\/\/247stiri.ro\/index.php\/2025\/01\/16\/klaus-iohannis-prima-aparitie-dupa-ce-zeci-de-mii-de-romani-i-au-cerut-demisia-va-sustine-romania-in-fata-ue\/"},"modified":"2025-01-16T07:45:15","modified_gmt":"2025-01-16T07:45:15","slug":"klaus-iohannis-prima-aparitie-dupa-ce-zeci-de-mii-de-romani-i-au-cerut-demisia-va-sustine-romania-in-fata-ue","status":"publish","type":"post","link":"https:\/\/247stiri.ro\/index.php\/2025\/01\/16\/klaus-iohannis-prima-aparitie-dupa-ce-zeci-de-mii-de-romani-i-au-cerut-demisia-va-sustine-romania-in-fata-ue\/","title":{"rendered":"Klaus Iohannis, prima apari\u021bie dup\u0103 ce zeci de mii de rom\u00e2ni i-au cerut DEMISIA! Va sus\u021bine Rom\u00e2nia \u00een fa\u021ba UE?"},"content":{"rendered":"<p>Pre\u0219edintele Klaus Iohannis este a\u0219teptat s\u0103 fac\u0103 prima sa apari\u021bie dup\u0103 valul de nemul\u021bumiri exprimat de zeci de mii de rom\u00e2ni, care i-au cerut demisia \u00eentr-un mod f\u0103r\u0103 precedent.<\/p>\n<p>Tensiunile au fost alimentate de lipsa unei comunic\u0103ri directe din partea pre\u0219edintelui \u00een contextul protestelor, dar \u0219i de controversele legate de participarea sa la Consiliul European informal, eveniment care reune\u0219te liderii \u021b\u0103rilor membre ale Uniunii Europene.<\/p>\n<p>Consiliul European informal, organizat pentru a discuta direc\u021biile strategice \u0219i priorit\u0103\u021bile Uniunii Europene, este v\u0103zut ca o oportunitate pentru fiecare lider european de a contribui \u00een dezbaterile majore. \u00cen cazul Rom\u00e2niei, implicarea pre\u0219edintelui Iohannis ridic\u0103 semne de \u00eentrebare pentru c\u0103, p\u00e2n\u0103 \u00een prezent, nu se \u0219tie dac\u0103 acesta va participa sau nu.<\/p>\n<p>\u00a0<\/p>","protected":false},"excerpt":{"rendered":"<p>Pre\u0219edintele Klaus Iohannis este a\u0219teptat s\u0103 fac\u0103 prima sa apari\u021bie dup\u0103 valul de nemul\u021bumiri exprimat&hellip;<\/p>\n","protected":false},"author":0,"featured_media":24517,"comment_status":"open","ping_status":"open","sticky":false,"template":"","format":"standard","meta":{"footnotes":""},"categories":[2],"tags":[],"class_list":["post-24528","post","type-post","status-publish","format-standard","has-post-thumbnail","hentry","category-actual"],"_links":{"self":[{"href":"https:\/\/247stiri.ro\/index.php\/wp-json\/wp\/v2\/posts\/24528","targetHints":{"allow":["GET"]}}],"collection":[{"href":"https:\/\/247stiri.ro\/index.php\/wp-json\/wp\/v2\/posts"}],"about":[{"href":"https:\/\/247stiri.ro\/index.php\/wp-json\/wp\/v2\/types\/post"}],"replies":[{"embeddable":true,"href":"https:\/\/247stiri.ro\/index.php\/wp-json\/wp\/v2\/comments?post=24528"}],"version-history":[{"count":0,"href":"https:\/\/247stiri.ro\/index.php\/wp-json\/wp\/v2\/posts\/24528\/revisions"}],"wp:featuredmedia":[{"embeddable":true,"href":"https:\/\/247stiri.ro\/index.php\/wp-json\/wp\/v2\/media\/24517"}],"wp:attachment":[{"href":"https:\/\/247stiri.ro\/index.php\/wp-json\/wp\/v2\/media?parent=24528"}],"wp:term":[{"taxonomy":"category","embeddable":true,"href":"https:\/\/247stiri.ro\/index.php\/wp-json\/wp\/v2\/categories?post=24528"},{"taxonomy":"post_tag","embeddable":true,"href":"https:\/\/247stiri.ro\/index.php\/wp-json\/wp\/v2\/tags?post=24528"}],"curies":[{"name":"wp","href":"https:\/\/api.w.org\/{rel}","templated":true}]}}