{"id":24545,"date":"2025-01-16T08:45:21","date_gmt":"2025-01-16T08:45:21","guid":{"rendered":"https:\/\/247stiri.ro\/index.php\/2025\/01\/16\/o-eleva-de-14-ani-din-timis-a-devenit-mama-fata-a-nascut-acasa-cum-a-reusit-sa-ascunda-sarcina-de-familie-si-prieteni\/"},"modified":"2025-01-16T08:45:21","modified_gmt":"2025-01-16T08:45:21","slug":"o-eleva-de-14-ani-din-timis-a-devenit-mama-fata-a-nascut-acasa-cum-a-reusit-sa-ascunda-sarcina-de-familie-si-prieteni","status":"publish","type":"post","link":"https:\/\/247stiri.ro\/index.php\/2025\/01\/16\/o-eleva-de-14-ani-din-timis-a-devenit-mama-fata-a-nascut-acasa-cum-a-reusit-sa-ascunda-sarcina-de-familie-si-prieteni\/","title":{"rendered":"O elev\u0103 de 14 ani, din Timi\u0219, a devenit mam\u0103! Fata a n\u0103scut acas\u0103: cum a reu\u0219it s\u0103 ascund\u0103 sarcina de familie \u0219i prieteni"},"content":{"rendered":"<p>Potrivit unor surse din r\u00e2ndul anchetatorilor, fata ar fi ascuns sarcina purt\u00e2nd haine largi \u015fi nimeni nu a \u015ftiut c\u0103 este \u00eens\u0103rcinat\u0103. Ea a n\u0103scut acas\u0103 un b\u0103ie\u0163el de 2,8 kg.\u00a0\u201dLa data de 15 ianuarie 2025, \u00een jurul orei 19:00, poli\u0163i\u015ftii municipiului Lugoj, au fost sesiza\u0163i cu privire la faptul c\u0103, o minor\u0103 \u00een v\u00e2rst\u0103 de 14 ani, ar fi n\u0103scut la domiciliu, un copil, fiind ulterior transportat\u0103 la spital. Poli\u0163i\u015ftii s-au deplasat de urgen\u0163\u0103 la Spitalul Municipal Lugoj (&#8230;) Din verific\u0103rile efectuate a rezultat faptul c\u0103 minor\u0103 ar fi \u00eentre\u0163inut raporturi sexuale consim\u0163ite \u00een vara anului 2024, cu un t\u00e2n\u0103r \u00een v\u00e2rst\u0103 de 22 de ani\u201d, a transmis IPJ Timi\u015f.\u00a0Cercet\u0103rile sunt continuate de c\u0103tre poli\u0163i\u015ftii municipiului Lugoj, sub supravegherea Parchetului de pe l\u00e2ng\u0103 Judec\u0103toria Lugoj, \u00eentr-un dosar penal deschis pentru infrac\u0163iunea de viol asupra unui minor.<\/p>\n<p>\u00a0<\/p>","protected":false},"excerpt":{"rendered":"<p>Potrivit unor surse din r\u00e2ndul anchetatorilor, fata ar fi ascuns sarcina purt\u00e2nd haine largi \u015fi&hellip;<\/p>\n","protected":false},"author":0,"featured_media":24546,"comment_status":"open","ping_status":"open","sticky":false,"template":"","format":"standard","meta":{"footnotes":""},"categories":[2],"tags":[],"class_list":["post-24545","post","type-post","status-publish","format-standard","has-post-thumbnail","hentry","category-actual"],"_links":{"self":[{"href":"https:\/\/247stiri.ro\/index.php\/wp-json\/wp\/v2\/posts\/24545","targetHints":{"allow":["GET"]}}],"collection":[{"href":"https:\/\/247stiri.ro\/index.php\/wp-json\/wp\/v2\/posts"}],"about":[{"href":"https:\/\/247stiri.ro\/index.php\/wp-json\/wp\/v2\/types\/post"}],"replies":[{"embeddable":true,"href":"https:\/\/247stiri.ro\/index.php\/wp-json\/wp\/v2\/comments?post=24545"}],"version-history":[{"count":0,"href":"https:\/\/247stiri.ro\/index.php\/wp-json\/wp\/v2\/posts\/24545\/revisions"}],"wp:featuredmedia":[{"embeddable":true,"href":"https:\/\/247stiri.ro\/index.php\/wp-json\/wp\/v2\/media\/24546"}],"wp:attachment":[{"href":"https:\/\/247stiri.ro\/index.php\/wp-json\/wp\/v2\/media?parent=24545"}],"wp:term":[{"taxonomy":"category","embeddable":true,"href":"https:\/\/247stiri.ro\/index.php\/wp-json\/wp\/v2\/categories?post=24545"},{"taxonomy":"post_tag","embeddable":true,"href":"https:\/\/247stiri.ro\/index.php\/wp-json\/wp\/v2\/tags?post=24545"}],"curies":[{"name":"wp","href":"https:\/\/api.w.org\/{rel}","templated":true}]}}