{"id":24547,"date":"2025-01-16T08:45:21","date_gmt":"2025-01-16T08:45:21","guid":{"rendered":"https:\/\/247stiri.ro\/index.php\/2025\/01\/16\/kelemen-hunor-presedintele-klaus-iohannis-trebuia-sa-se-retraga-in-decembrie\/"},"modified":"2025-01-16T08:45:21","modified_gmt":"2025-01-16T08:45:21","slug":"kelemen-hunor-presedintele-klaus-iohannis-trebuia-sa-se-retraga-in-decembrie","status":"publish","type":"post","link":"https:\/\/247stiri.ro\/index.php\/2025\/01\/16\/kelemen-hunor-presedintele-klaus-iohannis-trebuia-sa-se-retraga-in-decembrie\/","title":{"rendered":"Kelemen Hunor: \u201ePre\u0219edintele Klaus Iohannis trebuia s\u0103 se retrag\u0103 \u00een decembrie\u201d"},"content":{"rendered":"<p>\u201eAr fi fost mai bine dac\u0103 domnul pre\u015fedinte Iohannis f\u0103cea acest pas \u00eenapoi. Ne-ar fi ajutat pe to\u0163i. Mai sc\u0103pam, mai l\u0103sam din tensiunea care s-a adunat \u00een societate&#8221;, a explicat, la un post TV, liderul UDMR.<\/p>\n<p>Kelemen Hunor a men\u0163ionat c\u0103, \u00een cazul unei astfel de retrageri, alegerile preziden\u0163iale ar fi trebuit organizate mult mai rapid: \u201eEram \u00eentr-un alt film, \u00eentr-un alt scenariu\u201d. Cu toate acestea, pre\u015fedintele Klaus Iohannis a ales s\u0103 r\u0103m\u00e2n\u0103 \u00een func\u0163ie p\u00e2n\u0103 la validarea noului pre\u015fedinte, conform deciziei Cur\u0163ii Constitu\u0163ionale.<\/p>\n<p>C\u00e2nd a fost \u00eentrebat despre motivele acestei decizii, Kelemen Hunor a r\u0103spuns: \u201eAsta nu \u015ftiu. \u00centreba\u0163i-l pe domnul Iohannis, c\u0103 eu nu am r\u0103spuns la aceast\u0103 \u00eentrebare. Nu am fost pus s\u0103 fiu purt\u0103torul de cuv\u00e2nt al lui Iohannis&#8221;.<\/p>","protected":false},"excerpt":{"rendered":"<p>\u201eAr fi fost mai bine dac\u0103 domnul pre\u015fedinte Iohannis f\u0103cea acest pas \u00eenapoi. Ne-ar fi&hellip;<\/p>\n","protected":false},"author":0,"featured_media":24548,"comment_status":"open","ping_status":"open","sticky":false,"template":"","format":"standard","meta":{"footnotes":""},"categories":[2],"tags":[],"class_list":["post-24547","post","type-post","status-publish","format-standard","has-post-thumbnail","hentry","category-actual"],"_links":{"self":[{"href":"https:\/\/247stiri.ro\/index.php\/wp-json\/wp\/v2\/posts\/24547","targetHints":{"allow":["GET"]}}],"collection":[{"href":"https:\/\/247stiri.ro\/index.php\/wp-json\/wp\/v2\/posts"}],"about":[{"href":"https:\/\/247stiri.ro\/index.php\/wp-json\/wp\/v2\/types\/post"}],"replies":[{"embeddable":true,"href":"https:\/\/247stiri.ro\/index.php\/wp-json\/wp\/v2\/comments?post=24547"}],"version-history":[{"count":0,"href":"https:\/\/247stiri.ro\/index.php\/wp-json\/wp\/v2\/posts\/24547\/revisions"}],"wp:featuredmedia":[{"embeddable":true,"href":"https:\/\/247stiri.ro\/index.php\/wp-json\/wp\/v2\/media\/24548"}],"wp:attachment":[{"href":"https:\/\/247stiri.ro\/index.php\/wp-json\/wp\/v2\/media?parent=24547"}],"wp:term":[{"taxonomy":"category","embeddable":true,"href":"https:\/\/247stiri.ro\/index.php\/wp-json\/wp\/v2\/categories?post=24547"},{"taxonomy":"post_tag","embeddable":true,"href":"https:\/\/247stiri.ro\/index.php\/wp-json\/wp\/v2\/tags?post=24547"}],"curies":[{"name":"wp","href":"https:\/\/api.w.org\/{rel}","templated":true}]}}