{"id":24549,"date":"2025-01-16T08:45:22","date_gmt":"2025-01-16T08:45:22","guid":{"rendered":"https:\/\/247stiri.ro\/index.php\/2025\/01\/16\/barbatul-care-a-furat-sacul-cu-picioare-de-om-ar-fi-crezut-ca-in-el-sunt-pet-uri-pentru-reciclat\/"},"modified":"2025-01-16T08:45:22","modified_gmt":"2025-01-16T08:45:22","slug":"barbatul-care-a-furat-sacul-cu-picioare-de-om-ar-fi-crezut-ca-in-el-sunt-pet-uri-pentru-reciclat","status":"publish","type":"post","link":"https:\/\/247stiri.ro\/index.php\/2025\/01\/16\/barbatul-care-a-furat-sacul-cu-picioare-de-om-ar-fi-crezut-ca-in-el-sunt-pet-uri-pentru-reciclat\/","title":{"rendered":"B\u0103rbatul care a furat sacul cu picioare de om ar fi crezut c\u0103 \u00een el sunt PET-uri pentru reciclat\u00a0"},"content":{"rendered":"<p>B\u0103rbatul ar fi sus\u021binut c\u0103 a intrat \u00een curtea spitalului pentru a lua peturi pe care s\u0103 le duc\u0103 la reciclat \u015fi c\u0103 a luat cei trei saci f\u0103r\u0103 s\u0103 \u015ftie ce con\u0163in ace\u015ftia, arat\u0103 surse judiciare.<\/p>\n<p>\u201dB\u0103rbatul \u00een cauz\u0103 a fost depistat de poli\u0163i\u015ftii Capitalei \u015fi condus la audieri la sediul Sec\u0163iei 6 Poli\u0163ie. Fa\u0163\u0103 de acesta s-a pus \u00een mi\u015fcare ac\u0163iunea penal\u0103, sub aspectul s\u0103v\u00e2r\u015firii infrac\u0163iunii de furt calificat, sub supravegherea Parchetului de pe l\u00e2ng\u0103 Judec\u0103toria Sectorului 2\u201d, a transmis, miercuri sear\u0103, Poli\u0163ia Capitalei.<\/p>\n<p><a href=\"https:\/\/www.realitatea.net\/stiri\/actual\/hotul-care-a-furat-trei-picioare-amputate-dintrun-spital-din-bucuresti-a-fost-prins-un-membru-inferior-de-negasit_6788b220bcd2de7c421a0e84\" target=\"_blank\">Ho\u021bul care a furat trei picioare amputate dintr-un spital din Bucure\u0219ti a fost prins! Un membru inferior, de neg\u0103sit<\/a><\/p>\n<p>Potrivit unor surse judiciare, b\u0103rbatul a declarat \u00een fa\u0163a anchetarorilor c\u0103, vineri, \u00een jurul orei 19.00, a intrat \u00een incinta Spitalului Cantacuzino, s\u0103rind gardul, pentru a fura PET-uri pentru reciclare. El a luat dintr-o lad\u0103 trei saci, f\u0103r\u0103 s\u0103 \u015ftie ce se afla, de fapt, \u00een ace\u015ftia.<\/p>\n<p>Spitalul Clinic \u201dDr. Ion Cantacuzino\u201d a fost amendat de Direc\u0163ia de S\u0103n\u0103tate Public\u0103 a municipiului Bucure\u015fti (DSPMB) cu 4.400 de lei pentru nesecurizarea spa\u0163iilor de stocare temporar\u0103 a de\u015feurilor periculoase \u015fi nesupravegherea personalului implicat \u00een gestionarea acestor de\u015feuri.\u00a0<\/p>","protected":false},"excerpt":{"rendered":"<p>B\u0103rbatul ar fi sus\u021binut c\u0103 a intrat \u00een curtea spitalului pentru a lua peturi pe&hellip;<\/p>\n","protected":false},"author":0,"featured_media":24550,"comment_status":"open","ping_status":"open","sticky":false,"template":"","format":"standard","meta":{"footnotes":""},"categories":[2],"tags":[],"class_list":["post-24549","post","type-post","status-publish","format-standard","has-post-thumbnail","hentry","category-actual"],"_links":{"self":[{"href":"https:\/\/247stiri.ro\/index.php\/wp-json\/wp\/v2\/posts\/24549","targetHints":{"allow":["GET"]}}],"collection":[{"href":"https:\/\/247stiri.ro\/index.php\/wp-json\/wp\/v2\/posts"}],"about":[{"href":"https:\/\/247stiri.ro\/index.php\/wp-json\/wp\/v2\/types\/post"}],"replies":[{"embeddable":true,"href":"https:\/\/247stiri.ro\/index.php\/wp-json\/wp\/v2\/comments?post=24549"}],"version-history":[{"count":0,"href":"https:\/\/247stiri.ro\/index.php\/wp-json\/wp\/v2\/posts\/24549\/revisions"}],"wp:featuredmedia":[{"embeddable":true,"href":"https:\/\/247stiri.ro\/index.php\/wp-json\/wp\/v2\/media\/24550"}],"wp:attachment":[{"href":"https:\/\/247stiri.ro\/index.php\/wp-json\/wp\/v2\/media?parent=24549"}],"wp:term":[{"taxonomy":"category","embeddable":true,"href":"https:\/\/247stiri.ro\/index.php\/wp-json\/wp\/v2\/categories?post=24549"},{"taxonomy":"post_tag","embeddable":true,"href":"https:\/\/247stiri.ro\/index.php\/wp-json\/wp\/v2\/tags?post=24549"}],"curies":[{"name":"wp","href":"https:\/\/api.w.org\/{rel}","templated":true}]}}