{"id":2455,"date":"2024-10-28T10:44:48","date_gmt":"2024-10-28T10:44:48","guid":{"rendered":"https:\/\/247stiri.ro\/index.php\/2024\/10\/28\/profesor-universitar-remarci-cu-conotatii-sexuale-in-timpul-cursurilor-barbatul-a-intrat-in-atentia-comisiei-de-etica\/"},"modified":"2024-10-28T10:44:48","modified_gmt":"2024-10-28T10:44:48","slug":"profesor-universitar-remarci-cu-conotatii-sexuale-in-timpul-cursurilor-barbatul-a-intrat-in-atentia-comisiei-de-etica","status":"publish","type":"post","link":"https:\/\/247stiri.ro\/index.php\/2024\/10\/28\/profesor-universitar-remarci-cu-conotatii-sexuale-in-timpul-cursurilor-barbatul-a-intrat-in-atentia-comisiei-de-etica\/","title":{"rendered":"Profesor universitar, remarci cu conota\u021bii SEXUALE \u00een timpul cursurilor. B\u0103rbatul a intrat \u00een aten\u021bia Comisiei de Etic\u0103"},"content":{"rendered":"<p>Comisia a decis s\u0103 impun\u0103 restric\u021bii asupra activit\u0103\u021bilor acestuia p\u00e2n\u0103 la finalul anului universitar 2024-2025, profesorul Andrei Mitrea pierz\u00e2nd, astfel, dreptul de titular pe disciplin\u0103 \u0219i fiind \u00eempiedicat s\u0103 r\u0103m\u00e2n\u0103 singur cu studen\u021bii.<\/p>\n<p>Ce decizie au luat reprezentan\u021bii Comisiei de Etic\u0103<\/p>\n<p><a href=\"https:\/\/www.realitatea.net\/stiri\/actual\/noile-marturii-cutremuratoare-ale-studentei-agresate-sexual-ce-a-fost-pusa-sa-faca-studenta-lui-bulai-stiam-in-ziua-cand-trebuia-sa-ma-vad-cu-el-ca-trebuie-sa_670ce4b7ee6d1d015770c3ce\" target=\"_blank\" rel=\"noopener\">Conform m\u0103surilor impuse<\/a> de Comisia de Etic\u0103, lectorul Andrei Mitrea va fi supravegheat \u00een activit\u0103\u021bile sale didactice de c\u0103tre conducerea Facult\u0103\u021bii de Urbanism, fiind exclus din pozi\u021bia de titular pentru cursurile practice \u0219i de conduc\u0103tor de atelier. \u201ePe parcursul anului universitar 2024-2025, domnul lector dr. arh. Andrei Mitrea va fi monitorizat \u00een activit\u0103\u021bile desf\u0103\u0219urate \u00een prezen\u021ba studen\u021bilor,\u201d se precizeaz\u0103 \u00een r\u0103spunsul transmis de universitate c\u0103tre Edupedu.ro.<\/p>\n<p>Decizia a fost luat\u0103 la \u00eenceputul lunii octombrie 2024, \u00een urma complet\u0103rii fi\u0219elor de evaluare de c\u0103tre studen\u021bi \u0219i a declara\u021biilor scrise \u0219i verbale din partea martorilor. Sesiz\u0103rile primite de comisie men\u021bioneaz\u0103 comentarii pe care profesorul le-ar fi f\u0103cut referitor la via\u021ba personal\u0103 a studentelor, comportamentul acestuia fiind semnalat \u00een anul universitar precedent.<\/p>\n<p>Universitatea a men\u021bionat c\u0103 nu a primit <a href=\"https:\/\/www.realitatea.net\/stiri\/actual\/alfred-bulai-dus-cu-ambulanta-la-spital-primele-declaratii-ale-profesorului-abuzator_6703aa26421f921c836d28e5\" target=\"_blank\" rel=\"noopener\">sesiz\u0103ri oficiale de la studen\u021bi<\/a> privind acest caz. \u00cen prezent, Codul-cadru de etic\u0103 universitar\u0103, aprobat de guvern \u00een aprilie 2024, stipuleaz\u0103 c\u0103 orice sesizare trebuie s\u0103 fie semnat\u0103 \u0219i s\u0103 includ\u0103 date de identificare ale persoanei care o formuleaz\u0103.<\/p>","protected":false},"excerpt":{"rendered":"<p>Comisia a decis s\u0103 impun\u0103 restric\u021bii asupra activit\u0103\u021bilor acestuia p\u00e2n\u0103 la finalul anului universitar 2024-2025,&hellip;<\/p>\n","protected":false},"author":0,"featured_media":2456,"comment_status":"open","ping_status":"open","sticky":false,"template":"","format":"standard","meta":{"footnotes":""},"categories":[2],"tags":[],"class_list":["post-2455","post","type-post","status-publish","format-standard","has-post-thumbnail","hentry","category-actual"],"_links":{"self":[{"href":"https:\/\/247stiri.ro\/index.php\/wp-json\/wp\/v2\/posts\/2455","targetHints":{"allow":["GET"]}}],"collection":[{"href":"https:\/\/247stiri.ro\/index.php\/wp-json\/wp\/v2\/posts"}],"about":[{"href":"https:\/\/247stiri.ro\/index.php\/wp-json\/wp\/v2\/types\/post"}],"replies":[{"embeddable":true,"href":"https:\/\/247stiri.ro\/index.php\/wp-json\/wp\/v2\/comments?post=2455"}],"version-history":[{"count":0,"href":"https:\/\/247stiri.ro\/index.php\/wp-json\/wp\/v2\/posts\/2455\/revisions"}],"wp:featuredmedia":[{"embeddable":true,"href":"https:\/\/247stiri.ro\/index.php\/wp-json\/wp\/v2\/media\/2456"}],"wp:attachment":[{"href":"https:\/\/247stiri.ro\/index.php\/wp-json\/wp\/v2\/media?parent=2455"}],"wp:term":[{"taxonomy":"category","embeddable":true,"href":"https:\/\/247stiri.ro\/index.php\/wp-json\/wp\/v2\/categories?post=2455"},{"taxonomy":"post_tag","embeddable":true,"href":"https:\/\/247stiri.ro\/index.php\/wp-json\/wp\/v2\/tags?post=2455"}],"curies":[{"name":"wp","href":"https:\/\/api.w.org\/{rel}","templated":true}]}}