{"id":24566,"date":"2025-01-16T09:45:42","date_gmt":"2025-01-16T09:45:42","guid":{"rendered":"https:\/\/247stiri.ro\/index.php\/2025\/01\/16\/laurentiu-botin-editie-bomba-cu-florin-calinescu-maestrul-revine-dupa-decizia-cruciala-privind-reluarea-alegerilor\/"},"modified":"2025-01-16T09:45:42","modified_gmt":"2025-01-16T09:45:42","slug":"laurentiu-botin-editie-bomba-cu-florin-calinescu-maestrul-revine-dupa-decizia-cruciala-privind-reluarea-alegerilor","status":"publish","type":"post","link":"https:\/\/247stiri.ro\/index.php\/2025\/01\/16\/laurentiu-botin-editie-bomba-cu-florin-calinescu-maestrul-revine-dupa-decizia-cruciala-privind-reluarea-alegerilor\/","title":{"rendered":"Lauren\u021biu Botin, edi\u021bie bomb\u0103 cu Florin C\u0103linescu. Maestrul revine dup\u0103 decizia crucial\u0103 privind reluarea alegerilor"},"content":{"rendered":"<p>Florin C\u0103linescu revine \u00een platoul Realitatea PLUS \u00eentr-un moment marcat de tensiuni sociale \u0219i politice. Publicul a\u0219teapt\u0103 opiniile sale despre decizia Cur\u021bii de Apel, dar \u0219i despre implica\u021biile acesteia \u00een contextul actual. \u00cen stilul s\u0103u caracteristic, este de a\u0219teptat ca Florin C\u0103linescu s\u0103 aduc\u0103 un amestec de umor, ironie \u0219i observa\u021bii pertinente.<\/p>\n<p>\u201eVom comenta ce se \u00eent\u00e2mpl\u0103 cu recursul la Curtea de Apel Bucure\u0219ti. Florin C\u0103linescu rupe t\u0103cerea dup\u0103 mult timp \u0219i ne va spune cum vede el Rom\u00e2nia asta \u00eentoars\u0103 cu susul \u00een jos. El va explica ce se \u00eent\u00e2mpl\u0103 cu na\u021biunea rom\u00e2n\u0103 \u0219i, cumva, este un comeback al lui Florin C\u0103linescu \u00een spa\u021biul de televiziune. Vom avea o emisune absolut incendiar\u0103 \u00een care v\u0103 vom spune ceea ce e dincolo de \u0219tiri\u201d, a spus Lauren\u021biu Botin, moderatorul emisiunii 100%.<\/p>\n<p>Pe l\u00e2ng\u0103 analiza deciziei instan\u021bei, edi\u021bia moderat\u0103 de Lauren\u021biu Botin va explora \u0219i alte subiecte fierbin\u021bi de pe scena politic\u0103 \u0219i social\u0103 a Rom\u00e2niei.<\/p>","protected":false},"excerpt":{"rendered":"<p>Florin C\u0103linescu revine \u00een platoul Realitatea PLUS \u00eentr-un moment marcat de tensiuni sociale \u0219i politice.&hellip;<\/p>\n","protected":false},"author":0,"featured_media":24567,"comment_status":"open","ping_status":"open","sticky":false,"template":"","format":"standard","meta":{"footnotes":""},"categories":[2],"tags":[],"class_list":["post-24566","post","type-post","status-publish","format-standard","has-post-thumbnail","hentry","category-actual"],"_links":{"self":[{"href":"https:\/\/247stiri.ro\/index.php\/wp-json\/wp\/v2\/posts\/24566","targetHints":{"allow":["GET"]}}],"collection":[{"href":"https:\/\/247stiri.ro\/index.php\/wp-json\/wp\/v2\/posts"}],"about":[{"href":"https:\/\/247stiri.ro\/index.php\/wp-json\/wp\/v2\/types\/post"}],"replies":[{"embeddable":true,"href":"https:\/\/247stiri.ro\/index.php\/wp-json\/wp\/v2\/comments?post=24566"}],"version-history":[{"count":0,"href":"https:\/\/247stiri.ro\/index.php\/wp-json\/wp\/v2\/posts\/24566\/revisions"}],"wp:featuredmedia":[{"embeddable":true,"href":"https:\/\/247stiri.ro\/index.php\/wp-json\/wp\/v2\/media\/24567"}],"wp:attachment":[{"href":"https:\/\/247stiri.ro\/index.php\/wp-json\/wp\/v2\/media?parent=24566"}],"wp:term":[{"taxonomy":"category","embeddable":true,"href":"https:\/\/247stiri.ro\/index.php\/wp-json\/wp\/v2\/categories?post=24566"},{"taxonomy":"post_tag","embeddable":true,"href":"https:\/\/247stiri.ro\/index.php\/wp-json\/wp\/v2\/tags?post=24566"}],"curies":[{"name":"wp","href":"https:\/\/api.w.org\/{rel}","templated":true}]}}