{"id":2457,"date":"2024-10-28T10:44:48","date_gmt":"2024-10-28T10:44:48","guid":{"rendered":"https:\/\/247stiri.ro\/index.php\/2024\/10\/28\/incendiu-puternic-langa-gara-din-alba-iulia-interventie-contracronometru-a-pompierilor\/"},"modified":"2024-10-28T10:44:48","modified_gmt":"2024-10-28T10:44:48","slug":"incendiu-puternic-langa-gara-din-alba-iulia-interventie-contracronometru-a-pompierilor","status":"publish","type":"post","link":"https:\/\/247stiri.ro\/index.php\/2024\/10\/28\/incendiu-puternic-langa-gara-din-alba-iulia-interventie-contracronometru-a-pompierilor\/","title":{"rendered":"Incendiu puternic, l\u00e2ng\u0103 gara din Alba Iulia. Interven\u021bie contracronometru a pompierilor\u00a0"},"content":{"rendered":"<p>Un incendiu s-a produs, luni diminea\u021ba, \u00een interiorul \u0219i la acoperi\u0219ul unei cl\u0103diri dezafectate de l\u00e2ng\u0103 gara din Alba Iulia.\u00a0<\/p>\n<p>Potrivit ISU Alba, interven\u021bia este foarte dificil\u0103 din cauza firelor de curent aflate la doar 2 metri de acoperi\u0219ul cl\u0103dirii care a luat foc.<\/p>\n<p>Pompierii au localizat incendiul \u0219i lucreaz\u0103 la stingerea \u00een totalitate a acestuia.\u00a0<\/p>\n<p>Suprafa\u021ba afectat\u0103 de foc este de aproximativ 180 de metri p\u0103tra\u021bi.\u00a0<\/p>","protected":false},"excerpt":{"rendered":"<p>Un incendiu s-a produs, luni diminea\u021ba, \u00een interiorul \u0219i la acoperi\u0219ul unei cl\u0103diri dezafectate de&hellip;<\/p>\n","protected":false},"author":0,"featured_media":2458,"comment_status":"open","ping_status":"open","sticky":false,"template":"","format":"standard","meta":{"footnotes":""},"categories":[2],"tags":[],"class_list":["post-2457","post","type-post","status-publish","format-standard","has-post-thumbnail","hentry","category-actual"],"_links":{"self":[{"href":"https:\/\/247stiri.ro\/index.php\/wp-json\/wp\/v2\/posts\/2457","targetHints":{"allow":["GET"]}}],"collection":[{"href":"https:\/\/247stiri.ro\/index.php\/wp-json\/wp\/v2\/posts"}],"about":[{"href":"https:\/\/247stiri.ro\/index.php\/wp-json\/wp\/v2\/types\/post"}],"replies":[{"embeddable":true,"href":"https:\/\/247stiri.ro\/index.php\/wp-json\/wp\/v2\/comments?post=2457"}],"version-history":[{"count":0,"href":"https:\/\/247stiri.ro\/index.php\/wp-json\/wp\/v2\/posts\/2457\/revisions"}],"wp:featuredmedia":[{"embeddable":true,"href":"https:\/\/247stiri.ro\/index.php\/wp-json\/wp\/v2\/media\/2458"}],"wp:attachment":[{"href":"https:\/\/247stiri.ro\/index.php\/wp-json\/wp\/v2\/media?parent=2457"}],"wp:term":[{"taxonomy":"category","embeddable":true,"href":"https:\/\/247stiri.ro\/index.php\/wp-json\/wp\/v2\/categories?post=2457"},{"taxonomy":"post_tag","embeddable":true,"href":"https:\/\/247stiri.ro\/index.php\/wp-json\/wp\/v2\/tags?post=2457"}],"curies":[{"name":"wp","href":"https:\/\/api.w.org\/{rel}","templated":true}]}}