{"id":24597,"date":"2025-01-16T10:46:25","date_gmt":"2025-01-16T10:46:25","guid":{"rendered":"https:\/\/247stiri.ro\/index.php\/2025\/01\/16\/reactia-inspectoratului-scolar-timis-dupa-ce-o-eleva-de-14-ani-a-devenit-mama\/"},"modified":"2025-01-16T10:46:25","modified_gmt":"2025-01-16T10:46:25","slug":"reactia-inspectoratului-scolar-timis-dupa-ce-o-eleva-de-14-ani-a-devenit-mama","status":"publish","type":"post","link":"https:\/\/247stiri.ro\/index.php\/2025\/01\/16\/reactia-inspectoratului-scolar-timis-dupa-ce-o-eleva-de-14-ani-a-devenit-mama\/","title":{"rendered":"Reac\u0163ia Inspectoratului \u015ecolar Timi\u0219, dup\u0103 ce o elev\u0103 de 14 ani a devenit mam\u0103"},"content":{"rendered":"<p>\u201d\u00cen diminea\u0163a zilei de 15 ianuarie 2025, o elev\u0103 de 14 ani, din jude\u0163ul Timi\u015f a dat na\u015ftere unui copil. Venirea pe lume a unei fiin\u0163e umane ar trebui s\u0103 fie un moment de s\u0103rb\u0103torire a miracolului faptului de a fi venit \u00een lumin\u0103. Sigur c\u0103 circumstan\u0163ele care au prilejuit venirea pe lume a acestui copil sunt discutabile. Sigur c\u0103 putem exprima opinii diverse. Problema care se ridic\u0103 este cum a ajuns un copil de 14 ani s\u0103 nasc\u0103, iar adul\u0163ii din jurul lui nu au avut nicio certitudine cu privire la starea ei, la experien\u0163a pe care ea o traversa singur\u0103, \u00een\u0163eleg\u00e2nd sau nu ceea ce i se \u00eent\u00e2mpl\u0103. Credem c\u0103 experien\u0163a tr\u0103it\u0103 de acest copil trebuie s\u0103 fie pentru noi, to\u0163i adul\u0163ii implica\u0163i \u00een cre\u015fterea \u015fi educarea copiilor, un prilej de reflec\u0163ie asupra locului \u015fi rolului pe care noi \u00eel avem \u00een via\u0163a lor. Este important s\u0103 reflect\u0103m asupra valorilor pe care le transmitem, asupra felului \u00een care \u00een\u0163elegem cu to\u0163ii c\u0103 este esen\u0163ial s\u0103 fim adul\u0163i cu o prezen\u0163a activ\u0103 \u015fi cu semnifica\u0163ie, \u00een parcursul lor. Este important s\u0103 \u00een\u0163elegem c\u0103 trebuie s\u0103 travers\u0103m experien\u0163e cu copiii, c\u0103 suntem mentorii lor, c\u0103 suntem plasa lor de salvare, indiferent de situa\u0163iile \u00een care \u00eei aduc deciziile mai mult sau mai pu\u0163in fericite pe care ei le iau\u201d, a transmis Cosmina Oros, inspector \u015fcolar \u00een cadrul ISJ Timi\u015f.<\/p>\n<p>Acesta a ar\u0103tat, de asemenea, c\u0103 Legea \u00eenv\u0103\u0163\u0103m\u00e2ntului preuniversitar sprijin\u0103 categoria elevilor p\u0103rin\u0163i.\u00a0\u201d\u00cen privin\u0163a normativit\u0103\u0163ii care vizeaz\u0103 aceste aspecte, e bine s\u0103 \u00a0reamintim c\u0103 protejarea dreptului la educa\u0163ie al elevelor gravide \u015fi al elevilor p\u0103rin\u0163i reprezint\u0103 o prioritate esen\u0163ial\u0103 a sistemului educa\u0163ional din Rom\u00e2nia. \u00cen acest sens, Legea nr. 198\/2023 a \u00eenv\u0103\u0163\u0103m\u00e2ntului preuniversitar \u015fi Regulamentul-cadru de organizare \u015fi func\u0163ionare a unit\u0103\u0163ilor de \u00eenv\u0103\u0163\u0103m\u00e2nt preuniversitar, aprobat prin Ordinul nr. 5726\/2024, au stabilit un cadru normativ solid, menit s\u0103 sprijine aceste categorii vulnerabile prin m\u0103suri adaptate \u015fi incluzive. Prevederile acestor acte normative asigur\u0103 continuitatea educa\u0163iei, prevenirea abandonului \u015fcolar \u015fi integrarea echitabil\u0103 \u00een comunitatea \u015fcolar\u0103\u201d, a precizat Cosmina Oros.<\/p>\n<p>\u201dMesajul nostru este un \u00eendemn la reflec\u0163ie adresat tuturor adul\u0163ilor. Subliniem importan\u0163a decisiv\u0103 pe care noi to\u0163i, adul\u0163i implica\u0163i \u00een educa\u0163ie, o avem \u00een construirea unui destin, asigur\u00e2ndu-ne c\u0103 tinerii contemporani nou\u0103 vor avea o via\u0163\u0103 bun\u0103, un destin fast\u201d, a mai spus Oros.<\/p>","protected":false},"excerpt":{"rendered":"<p>\u201d\u00cen diminea\u0163a zilei de 15 ianuarie 2025, o elev\u0103 de 14 ani, din jude\u0163ul Timi\u015f&hellip;<\/p>\n","protected":false},"author":0,"featured_media":24598,"comment_status":"open","ping_status":"open","sticky":false,"template":"","format":"standard","meta":{"footnotes":""},"categories":[2],"tags":[],"class_list":["post-24597","post","type-post","status-publish","format-standard","has-post-thumbnail","hentry","category-actual"],"_links":{"self":[{"href":"https:\/\/247stiri.ro\/index.php\/wp-json\/wp\/v2\/posts\/24597","targetHints":{"allow":["GET"]}}],"collection":[{"href":"https:\/\/247stiri.ro\/index.php\/wp-json\/wp\/v2\/posts"}],"about":[{"href":"https:\/\/247stiri.ro\/index.php\/wp-json\/wp\/v2\/types\/post"}],"replies":[{"embeddable":true,"href":"https:\/\/247stiri.ro\/index.php\/wp-json\/wp\/v2\/comments?post=24597"}],"version-history":[{"count":0,"href":"https:\/\/247stiri.ro\/index.php\/wp-json\/wp\/v2\/posts\/24597\/revisions"}],"wp:featuredmedia":[{"embeddable":true,"href":"https:\/\/247stiri.ro\/index.php\/wp-json\/wp\/v2\/media\/24598"}],"wp:attachment":[{"href":"https:\/\/247stiri.ro\/index.php\/wp-json\/wp\/v2\/media?parent=24597"}],"wp:term":[{"taxonomy":"category","embeddable":true,"href":"https:\/\/247stiri.ro\/index.php\/wp-json\/wp\/v2\/categories?post=24597"},{"taxonomy":"post_tag","embeddable":true,"href":"https:\/\/247stiri.ro\/index.php\/wp-json\/wp\/v2\/tags?post=24597"}],"curies":[{"name":"wp","href":"https:\/\/api.w.org\/{rel}","templated":true}]}}