{"id":24656,"date":"2025-01-16T13:45:09","date_gmt":"2025-01-16T13:45:09","guid":{"rendered":"https:\/\/247stiri.ro\/index.php\/2025\/01\/16\/generalii-vasile-dobrinoiu-si-petre-peter-urmariti-penal-in-dosarul-mineriadei-sunt-acuzati-de-infractiuni-contra-umanitatii\/"},"modified":"2025-01-16T13:45:09","modified_gmt":"2025-01-16T13:45:09","slug":"generalii-vasile-dobrinoiu-si-petre-peter-urmariti-penal-in-dosarul-mineriadei-sunt-acuzati-de-infractiuni-contra-umanitatii","status":"publish","type":"post","link":"https:\/\/247stiri.ro\/index.php\/2025\/01\/16\/generalii-vasile-dobrinoiu-si-petre-peter-urmariti-penal-in-dosarul-mineriadei-sunt-acuzati-de-infractiuni-contra-umanitatii\/","title":{"rendered":"Generalii Vasile Dobrinoiu \u015fi Petre Peter, urm\u0103ri\u0163i penal \u00een Dosarul Mineriadei: sunt acuza\u021bi de infrac\u021biuni contra umanit\u0103\u021bii"},"content":{"rendered":"<p>Generalul \u00een rezerv\u0103 Vasile Dobrinoiu era la data faptelor comandant al \u0218colii Militare Superioare de Ofi\u021beri, \u00een vreme ce colonelul \u00een rezerv\u0103 Petre Peter ocupa func\u021bia de comandant al unei unit\u0103\u021bi militare din M\u0103gurele.\u00a0<\/p>\n<p>&#8222;\u00cen cauza denumit\u0103 generic \u201eMineriada din 13-15 iunie 1990\u201d, procurorul de caz din cadrul Sec\u021biei parchetelor militare a Parchetului de pe l\u00e2ng\u0103 \u00cenalta Curte de Casa\u0163ie \u015fi Justi\u0163ie a dispus punerea \u00een mi\u0219care a ac\u021biunii penale fa\u021b\u0103 de al\u021bi 2 inculpa\u021bi:<\/p>\n<p>\u2022 gl. (r) Dobrinoiu Vasile, la data faptelor comandant al \u015ecolii Militare Superioare de Ofi\u0163eri a Ministerului de Interne, sub aspectul s\u0103v\u00e2r\u0219irii de infrac\u021biuni contra umanit\u0103\u021bii, \u00een variantele normative prev de art. 439 alin. 1 lit. f (1 subiect pasiv secundar), lit. g (417 subiec\u021bi pasivi secundari ), lit. j (417 subiec\u021bi pasivi secundari) Cod penal, cu aplic. art. 5 Cod penal.\u2022 col. (r) Peter Petre, la data faptelor comandant al Unit\u0103\u021bii Militare 0575 M\u0103gurele, apar\u021bin\u00e2nd Ministerului de Interne, sub aspectul de infrac\u021biuni contra umanit\u0103\u021bii, \u00een variantele normative prev de art. 439 alin. 1 lit. g (733 subiec\u021bi pasivi secundari), lit. J (733 subiec\u021bi pasivi secundari) Cod penal, cu aplic. art. 5 Cod penal&#8221;, a anun\u021bat joi Parchetul General.<\/p>\n<p><a href=\"https:\/\/www.realitatea.net\/stiri\/actual\/dosarul-mineriadei-miron-cozma-este-asteptat-la-parchetul-militar-este-acuzat-de-infractiuni-contra-umanitatii_6788d2e19f17fe2b37560852#google_vignette\" target=\"_blank\">Dosarul Mineriadei. Miron Cozma este a\u0219teptat la Parchetul Militar. Este acuzat de infrac\u021biuni contra umanit\u0103\u021bii<\/a><\/p>\n<p>Potrivit sursei citate, starea de fapt re\u021binut\u0103 \u0219i \u00eencadrarea juridic\u0103 a faptelor au la baz\u0103 exclusiv probatoriul administrat dup\u0103 data de 04.06.2021, dat\u0103 la care cauza a fost restituit\u0103 la parchet, ca urmare a parcurgerii procedurii de camer\u0103 preliminar\u0103, \u00een urma c\u0103reia au fost anulate toate probele administrate anterior anului 2017 \u0219i s-a constatat nulitatea actelor de urm\u0103rire anterior efectuate.<\/p>\n<p>Dosarul Mineriadei, trimis \u00een judecat\u0103 \u00een 2017, anulat de instan\u021b\u0103 \u0219i reluat de la zero de procurori<\/p>\n<p>Ini\u0163ial, \u00een iunie 2017, fostul pre\u015fedinte Ion Iliescu a fost trimis \u00een judecat\u0103 pentru infrac\u0163iuni contra umanit\u0103\u0163ii, al\u0103turi de fostul premier Petre Roman \u015fi fostul director SRI Virgil M\u0103gureanu, \u00eens\u0103 \u00een decembrie 2020, \u00cenalta Curte de Casa\u0163ie \u015fi Justi\u0163ie a decis restituirea dosarului la Parchetul Militar, pentru refacerea de la zero a anchetei.<\/p>\n<p>Judec\u0103torii au decis atunci anularea tuturor probelor str\u00e2nse de procurori, fiind constatat\u0103 nelegalitatea rechizitoriului prin care Ion Iliescu a fost trimis \u00een judecat\u0103, al\u0103turi de Petre Roman, Gelu Voican Voiculescu, Virgil M\u0103gureanu, general (rez.) Mugurel Cristian Florescu, amiral (rez.) Emil \u201eCico\u201d Dumitrescu (decedat \u00eentre timp), Cazimir Ionescu, Adrian S\u00e2rbu \u015fi Miron Cozma.<\/p>","protected":false},"excerpt":{"rendered":"<p>Generalul \u00een rezerv\u0103 Vasile Dobrinoiu era la data faptelor comandant al \u0218colii Militare Superioare de&hellip;<\/p>\n","protected":false},"author":0,"featured_media":24657,"comment_status":"open","ping_status":"open","sticky":false,"template":"","format":"standard","meta":{"footnotes":""},"categories":[2],"tags":[],"class_list":["post-24656","post","type-post","status-publish","format-standard","has-post-thumbnail","hentry","category-actual"],"_links":{"self":[{"href":"https:\/\/247stiri.ro\/index.php\/wp-json\/wp\/v2\/posts\/24656","targetHints":{"allow":["GET"]}}],"collection":[{"href":"https:\/\/247stiri.ro\/index.php\/wp-json\/wp\/v2\/posts"}],"about":[{"href":"https:\/\/247stiri.ro\/index.php\/wp-json\/wp\/v2\/types\/post"}],"replies":[{"embeddable":true,"href":"https:\/\/247stiri.ro\/index.php\/wp-json\/wp\/v2\/comments?post=24656"}],"version-history":[{"count":0,"href":"https:\/\/247stiri.ro\/index.php\/wp-json\/wp\/v2\/posts\/24656\/revisions"}],"wp:featuredmedia":[{"embeddable":true,"href":"https:\/\/247stiri.ro\/index.php\/wp-json\/wp\/v2\/media\/24657"}],"wp:attachment":[{"href":"https:\/\/247stiri.ro\/index.php\/wp-json\/wp\/v2\/media?parent=24656"}],"wp:term":[{"taxonomy":"category","embeddable":true,"href":"https:\/\/247stiri.ro\/index.php\/wp-json\/wp\/v2\/categories?post=24656"},{"taxonomy":"post_tag","embeddable":true,"href":"https:\/\/247stiri.ro\/index.php\/wp-json\/wp\/v2\/tags?post=24656"}],"curies":[{"name":"wp","href":"https:\/\/api.w.org\/{rel}","templated":true}]}}