{"id":24659,"date":"2025-01-16T13:45:09","date_gmt":"2025-01-16T13:45:09","guid":{"rendered":"https:\/\/247stiri.ro\/index.php\/2025\/01\/16\/europol-si-federatia-sindicatelor-nationale-ale-politistilor-protest-major-vineri-in-capitala-jandarmeria-in-garda\/"},"modified":"2025-01-16T13:45:09","modified_gmt":"2025-01-16T13:45:09","slug":"europol-si-federatia-sindicatelor-nationale-ale-politistilor-protest-major-vineri-in-capitala-jandarmeria-in-garda","status":"publish","type":"post","link":"https:\/\/247stiri.ro\/index.php\/2025\/01\/16\/europol-si-federatia-sindicatelor-nationale-ale-politistilor-protest-major-vineri-in-capitala-jandarmeria-in-garda\/","title":{"rendered":"EUROPOL \u0219i Federa\u021bia Sindicatelor Na\u021bionale ale Poli\u021bi\u0219tilor, PROTEST major, vineri, \u00een Capital\u0103! Jandarmeria, \u00een gard\u0103"},"content":{"rendered":"<p>Jandarmeria Capitalei anun\u021b\u0103 c\u0103 manifesta\u021bia a fost declarat\u0103 \u015fi avizat\u0103 \u00een cadrul Comisiei de Avizare a Cererilor de Organizare a Adun\u0103rilor Publice din Prim\u0103ria Municipiului Bucure\u0219ti, astfel:<\/p>\n<p>\u25cf \u00eentre orele 11:00 \u2013 12:00, adunarea participan\u021bilor \u00een parcarea din Pia\u021ba Constitu\u021biei;<\/p>\n<p>\u25cf \u00eentre orele 12:00 \u2013 13:00, adunare public\u0103 de protest \u00een fa\u021ba sediilor MinisteruluiJusti\u021biei \u0219i Ministerului Finan\u021belor, pe trotuar, f\u0103r\u0103 a afecta accesul \u00een institu\u021bii.<\/p>\n<p>\u25cf \u00eentre orele 13:00 \u2013 13:45, deplasare pe banda I de circula\u021bie, pe traseul: Bd.Libert\u0103\u021bii \u2013 Bd. Unirii &#8211; Pia\u021ba Unirii &#8211; Bd. I. C. Br\u0103tianu &#8211; Pia\u021ba Universit\u0103\u021bii \u2013 Bd.Nicolae B\u0103lcescu \u2013 st\u00e2nga Str. Demetru I. Dobrescu \u2013 sediul Ministerului AfacerilorInterne (perimetrul Monumentului lui Iuliu Maniu), la limita trotuarului adiacentalveolei centrale din fa\u021ba institu\u021biei, f\u0103r\u0103 s\u0103 se blocheze accesul auto \u0219i pietonalst\u00e2nga\/dreapta;<\/p>\n<p>\u25cf \u00eentre orele 13:45 \u2013 14:15, adunare public\u0103 \u00een fa\u021ba sediului Ministerului AfacerilorInterne (perimetrul Monumentului lui Iuliu Maniu), la limita trotuarului adiacentalveolei centrale din fa\u021ba institu\u021biei, f\u0103r\u0103 s\u0103 se blocheze accesul auto \u0219i pietonalst\u00e2nga\/dreapta;<\/p>\n<p>\u25cf \u00eentre orele 14:15 \u2013 15:00, deplasare pe traseul: sediul Ministerului Afacerilor Interne- Str. Demetru I. Dobrescu \u2013 st\u00e2nga Bd. Nicolae B\u0103lcescu &#8211; Bd. Gheorghe Magheru\u2013 Pia\u021ba Roman\u0103 \u2013 Bd. Lasc\u0103r Catargiu &#8211; Pia\u021ba Victoriei (alveola central\u0103);<\/p>\n<p>\u25cf \u00eentre orele 15:00 \u2013 16:15, adunarea public\u0103 \u00een Pia\u021ba Victoriei (alveola central\u0103);<\/p>\n<p>\u25cf \u00eentre orele 16:15 \u2013 16:30, defluirea total\u0103 a participan\u021bilor.\u00cen vederea desf\u0103\u0219ur\u0103rii f\u0103r\u0103 riscuri \u00een planul ordinii \u0219i siguran\u021bei publice a acestei adun\u0103ripublice, eviden\u021biem obliga\u021biile pe care organizatorul \u0219i participan\u021bii le au potrivitprevederilor art. 12 \u0219i art. 13 din Legea nr. 60\/1991 (*republicat\u0103*) privind organizarea \u0219idesf\u0103\u0219urarea adun\u0103rilor publice, cu modific\u0103rile \u0219i complet\u0103rile ulterioare.<\/p>\n<p>Jandarmeria Capitalei recomand\u0103 persoanelor care vor participa la aceast\u0103 manifesta\u021bie, dar \u015fi celorlal\u0163i cet\u0103\u0163eni, s\u0103 manifeste \u00een\u0163elegere fa\u0163\u0103 de m\u0103surile luate, s\u0103 adopte un comportament civilizat, s\u0103 respecte indica\u0163iile jandarmilor, s\u0103 evite conflictele de orice natur\u0103 \u0219i s\u0103 anun\u0163e cea mai apropiat\u0103 patrul\u0103 de jandarmi, dac\u0103 observ\u0103 persoane careau un comportament antisocial.<\/p>\n<p>De asemenea, din ra\u0163iuni de siguran\u0163\u0103 public\u0103, recomand\u0103m participan\u0163ilor s\u0103 nu vin\u0103 cu bagaje sau gen\u0163i voluminoase. Totodat\u0103, \u00een conformitate cu prevederile legii anterior men\u021bionate, participan\u021bii la adun\u0103rile publice trebuie s\u0103 respecte recomand\u0103rile f\u0103cute de organizator, \u00eemputernici\u021bii acestuia sau organele de ordine, s\u0103 se ab\u021bin\u0103 de la ac\u021biuni de natur\u0103 a\u00eempiedica desf\u0103\u0219urarea normal\u0103 a adun\u0103rilor publice \u0219i s\u0103 nu incite la asemenea ac\u021biuni prin viu grai sau alte mijloace audiovizuale.<\/p>\n<p>\u201eReamintim faptul c\u0103, \u00een conformitate cu prevederile legale \u00een vigoare, este interzis\u0103 \u015fi constituie infrac\u0163iune participarea la adun\u0103rile publice a persoanelor care au asupra lor arme de orice fel, materiale explozive sau incendiare, substan\u0163e iritant-lacrimogene sau cu efect paralizant, dispozitive pentru \u015focuri electrice ori alte obiecte ce pot fi folosite pentru ac\u0163iuni violente sau de tulburare a desf\u0103\u015fur\u0103rii normale a acestora. Mai facem precizarea c\u0103, \u00een conformitate cu prevederile art. 26, alin. (1), lit. g) din Legea nr. 60\/1991 (republicat\u0103) privind organizarea \u0219i desf\u0103\u0219urarea adun\u0103rilor publice, cu modific\u0103rile \u0219i complet\u0103rile ulterioare, organizarea sau participarea la contramanifesta\u021bii desf\u0103\u0219urate \u00een acela\u0219i timp \u0219i \u00een acela\u0219i loc cu alte adun\u0103ri publice, indiferent de modul lor de exprimare, constituie contraven\u021bie \u0219i se sanc\u021bioneaz\u0103 cu amend\u0103 de la 500 de lei la 5.000 de lei. \u00cen situa\u021bia apari\u021biei unor persoane sau grupuri de persoane cu comportament agresiv, rug\u0103m organizatorul \u0219i participan\u021bii de bun\u0103-credin\u021b\u0103 s\u0103 se delimiteze de ac\u021biunile acestora \u0219i s\u0103 indice de \u00eendat\u0103 zona lor de manifestare for\u021belor de ordine prezente la fa\u021ba locului, \u00een vederea lu\u0103rii m\u0103surilor legale care se impun. Subliniem faptul c\u0103, \u00een conformitate cu prevederile art. 5 din O.U.G. nr. 31 din 2002 privind interzicerea organiza\u0163iilor, simbolurilor \u015fi faptelor cu caracter fascist, legionar, rasist sau xenofob \u015fi a promov\u0103rii cultului persoanelor vinovate de s\u0103v\u00e2r\u015firea unor infrac\u0163iuni de genocid contra umanit\u0103\u0163ii \u015fi de crime de r\u0103zboi, cu modific\u0103rile \u0219i complet\u0103rile ulterioare, fapta persoanei de a promova, \u00een public, cultul persoanelor vinovate de s\u0103v\u00e2r\u015firea unor infrac\u0163iuni de genocid contra umanit\u0103\u0163ii \u015fi de crime de r\u0103zboi, precum \u015fi fapta de a promova, \u00een public, idei, concep\u0163ii sau doctrine fasciste, legionare, rasiste sau xenofobe, \u00een sensul art. 2, lit. a), se pedepse\u015fte cu \u00eenchisoare de la 3 luni la 3 ani \u015fi interzicerea unor drepturi. Sub un alt aspect, \u00een conformitate cu prevederile art. 11 din Hot\u0103r\u00e2rea de Guvern nr.859\/2021 pentru aprobarea procedurii de autorizare a zborurilor cu aeronave \u00een spa\u021biul aerian na\u021bional, efectuarea de zboruri cu aeronave civile f\u0103r\u0103 pilot la bord (tip dron\u0103) deasupra municipiului Bucure\u0219ti, f\u0103r\u0103 de\u021binerea autoriza\u021biilor, constituie contraven\u021bie \u0219i se sanc\u021bioneaz\u0103 cu amend\u0103 de la 2.000 de lei la 40.000 de lei. Ca m\u0103sur\u0103 preventiv\u0103, pentru descurajarea \u0219i probarea eventualelor fapte antisociale care pot periclita caracterul pa\u0219nic al adun\u0103rilor publice, jandarmii vor efectua fotografii \u0219i film\u0103ri operative pe tot parcursul desf\u0103\u0219ur\u0103rii evenimentelor, cu mijloacele tehnice din dotarea unit\u0103\u021bii, conform cadrului legal \u00een vigoare. Jandarmeria Bucure\u0219ti va asigura protec\u021bia tuturor persoanelor care aleg s\u0103-\u0219i exprime opiniile \u00een mod pa\u0219nic. Astfel, facem apel at\u00e2t la cei prezen\u021bi, c\u00e2t \u0219i la ceilal\u021bi cet\u0103\u021beni s\u0103 fie responsabili \u0219i \u00eei asigur\u0103m c\u0103 siguran\u021ba lor este prioritatea noastr\u0103\u201d, au transmis autorit\u0103\u021bile.<\/p>","protected":false},"excerpt":{"rendered":"<p>Jandarmeria Capitalei anun\u021b\u0103 c\u0103 manifesta\u021bia a fost declarat\u0103 \u015fi avizat\u0103 \u00een cadrul Comisiei de Avizare&hellip;<\/p>\n","protected":false},"author":0,"featured_media":24660,"comment_status":"open","ping_status":"open","sticky":false,"template":"","format":"standard","meta":{"footnotes":""},"categories":[2],"tags":[],"class_list":["post-24659","post","type-post","status-publish","format-standard","has-post-thumbnail","hentry","category-actual"],"_links":{"self":[{"href":"https:\/\/247stiri.ro\/index.php\/wp-json\/wp\/v2\/posts\/24659","targetHints":{"allow":["GET"]}}],"collection":[{"href":"https:\/\/247stiri.ro\/index.php\/wp-json\/wp\/v2\/posts"}],"about":[{"href":"https:\/\/247stiri.ro\/index.php\/wp-json\/wp\/v2\/types\/post"}],"replies":[{"embeddable":true,"href":"https:\/\/247stiri.ro\/index.php\/wp-json\/wp\/v2\/comments?post=24659"}],"version-history":[{"count":0,"href":"https:\/\/247stiri.ro\/index.php\/wp-json\/wp\/v2\/posts\/24659\/revisions"}],"wp:featuredmedia":[{"embeddable":true,"href":"https:\/\/247stiri.ro\/index.php\/wp-json\/wp\/v2\/media\/24660"}],"wp:attachment":[{"href":"https:\/\/247stiri.ro\/index.php\/wp-json\/wp\/v2\/media?parent=24659"}],"wp:term":[{"taxonomy":"category","embeddable":true,"href":"https:\/\/247stiri.ro\/index.php\/wp-json\/wp\/v2\/categories?post=24659"},{"taxonomy":"post_tag","embeddable":true,"href":"https:\/\/247stiri.ro\/index.php\/wp-json\/wp\/v2\/tags?post=24659"}],"curies":[{"name":"wp","href":"https:\/\/api.w.org\/{rel}","templated":true}]}}