{"id":24696,"date":"2025-01-16T15:45:36","date_gmt":"2025-01-16T15:45:36","guid":{"rendered":"https:\/\/247stiri.ro\/index.php\/2025\/01\/16\/calin-georgescu-un-nou-interviu-de-exceptie-in-america-de-nord-poporul-nu-mai-poate-sta-sub-dictatura-oligarhilor-video\/"},"modified":"2025-01-16T15:45:36","modified_gmt":"2025-01-16T15:45:36","slug":"calin-georgescu-un-nou-interviu-de-exceptie-in-america-de-nord-poporul-nu-mai-poate-sta-sub-dictatura-oligarhilor-video","status":"publish","type":"post","link":"https:\/\/247stiri.ro\/index.php\/2025\/01\/16\/calin-georgescu-un-nou-interviu-de-exceptie-in-america-de-nord-poporul-nu-mai-poate-sta-sub-dictatura-oligarhilor-video\/","title":{"rendered":"C\u0103lin Georgescu, un nou interviu de excep\u021bie \u00een America de Nord: Poporul nu mai poate sta sub dictatura oligarhilor &#8211; VIDEO"},"content":{"rendered":"<p>De asemenea, C\u0103lin Georgescu a transmis c\u0103 este \u00een permanent\u0103 leg\u0103tur\u0103 cu echipa lui Donald Trump. Pe de alt\u0103 parte, Georgescu a dezv\u0103luit povestea din spatele icoanei care apare \u00een ultima vreme \u00een videoclipurile pe care le filmeaz\u0103 din locuin\u021ba sa.\u00a0<\/p>\n<p><a href=\"https:\/\/rumble.com\/v69fuvp-death-of-democracy-interview-with-romanian-presidential-candidate-clin-geor.html\" target=\"_blank\">VIDEO<\/a><\/p>\n<p>C\u0102LIN GEORGESCU (C.G.): Cerem s\u0103 aib\u0103 loc o mare schimbare. Poporul nu mai poate sta sub toat\u0103 aceast\u0103 presiune \u0219i dictatur\u0103, o dictatur\u0103 a sistemului globalist. Este o dictatur\u0103 a sistemului oligarhic.Cred c\u0103 Rom\u00e2nia este \u00een acest moment \u00een aten\u021bia \u00eentregii lumi. \u00centreaga lume cunoa\u0219te situa\u021bia din Rom\u00e2nia. Acest aspect este clar. Re\u021belele sociale sunt inundate cu mesaje despre aceast\u0103 situa\u021bie, de sus\u021binere a poporului rom\u00e2n. Sunt multe proteste peste tot. 35:15Rom\u00e2nia este o na\u021biune istoric\u0103 m\u0103rea\u021b\u0103. Ceea ce au f\u0103cut rom\u00e2nii p\u00e2n\u0103 acum este fantastic. Este un exemplu, este un precedent pentru \u00eentreaga lume. Ar\u0103t\u0103m c\u0103 avem demnitate, c\u0103 vrem s\u0103 fim liberi \u0219i c\u0103 trebuie s\u0103 lupt\u0103m pentru libertatea noastr\u0103.\u00a0Vrem s\u0103 schimb\u0103m sistemul, vrem ca oamenii s\u0103 decid\u0103 ce este bine sau nu pentru na\u021biunea noastr\u0103.<\/p>\n<p>Vreau ca justi\u021bia s\u0103 \u00ee\u0219i fac\u0103 datoria, s\u0103 fie respectat\u0103 Constitu\u021bia Rom\u00e2niei \u0219i democra\u021bia. La asta m\u0103 a\u0219tept. Nu m\u0103 uit \u00een special la Curtea Constitu\u021bional\u0103 sau o alt\u0103 curte. Urm\u0103resc ca justi\u021bia s\u0103 respecte legea, s\u0103 respecte principiile democra\u021biei, s\u0103 respecte poporul.<\/p>\n<p>David Freiheit (D.F.) A\u021bi vorbit cu Trump? A\u021bi luat leg\u0103tura cu Donald Trump?<\/p>\n<p>C.G.: Nu, nu am luat leg\u0103tura cu el. Dar sunt \u00een contact cu o bun\u0103 parte a echipei sale. Bine\u00een\u021beles, comunic\u0103m permanent. 44:32Trebuie s\u0103 le spunem tuturor c\u0103 avem dreptul de a fi liberi. \u00cenc\u0103 din momentul \u00een care ne na\u0219tem. Trebuie s\u0103 r\u0103m\u00e2nem a\u0219a. Timpul schimb\u0103rii a sosit deja.\u00a0Trebuie s\u0103 \u00een\u021belegem c\u0103 libertatea provine \u0219i din independen\u021ba noastr\u0103 financiar\u0103. Nu trebuie s\u0103 fim sub presiunea \u0219i controlul sistemului oligarhic care \u00eencearc\u0103 s\u0103 controleze totul \u00een \u00eentreaga lume.David Freiheit (D.F.)\u00a0 O ultim\u0103 \u00eentrebare. Ce sf\u00e2nt este \u00een pictura aflat\u0103 \u00een spatele t\u0103u?<\/p>\n<p>C.G.: Da, doar un moment. Uita\u021bi, aceasta este Sf\u00e2nta Filofteia. Este foarte important\u0103, icoana a fost f\u0103cut\u0103 de o copil\u0103 din Rom\u00e2nia, am primit-o de la ea c\u00e2nd eram la Curte, \u00een Bucure\u0219ti. Ea mi-a dat-o. Probabil are aproape 9-10 ani. A fost uimitoare (feti\u021ba &#8211; n.r.). \u021ain pictura \u00een cas\u0103. Am pus-o \u00eentr-un loc foarte important pentru mine din punct de vedere spiritual.\u00a0<\/p>","protected":false},"excerpt":{"rendered":"<p>De asemenea, C\u0103lin Georgescu a transmis c\u0103 este \u00een permanent\u0103 leg\u0103tur\u0103 cu echipa lui Donald&hellip;<\/p>\n","protected":false},"author":0,"featured_media":24693,"comment_status":"open","ping_status":"open","sticky":false,"template":"","format":"standard","meta":{"footnotes":""},"categories":[2],"tags":[],"class_list":["post-24696","post","type-post","status-publish","format-standard","has-post-thumbnail","hentry","category-actual"],"_links":{"self":[{"href":"https:\/\/247stiri.ro\/index.php\/wp-json\/wp\/v2\/posts\/24696","targetHints":{"allow":["GET"]}}],"collection":[{"href":"https:\/\/247stiri.ro\/index.php\/wp-json\/wp\/v2\/posts"}],"about":[{"href":"https:\/\/247stiri.ro\/index.php\/wp-json\/wp\/v2\/types\/post"}],"replies":[{"embeddable":true,"href":"https:\/\/247stiri.ro\/index.php\/wp-json\/wp\/v2\/comments?post=24696"}],"version-history":[{"count":0,"href":"https:\/\/247stiri.ro\/index.php\/wp-json\/wp\/v2\/posts\/24696\/revisions"}],"wp:featuredmedia":[{"embeddable":true,"href":"https:\/\/247stiri.ro\/index.php\/wp-json\/wp\/v2\/media\/24693"}],"wp:attachment":[{"href":"https:\/\/247stiri.ro\/index.php\/wp-json\/wp\/v2\/media?parent=24696"}],"wp:term":[{"taxonomy":"category","embeddable":true,"href":"https:\/\/247stiri.ro\/index.php\/wp-json\/wp\/v2\/categories?post=24696"},{"taxonomy":"post_tag","embeddable":true,"href":"https:\/\/247stiri.ro\/index.php\/wp-json\/wp\/v2\/tags?post=24696"}],"curies":[{"name":"wp","href":"https:\/\/api.w.org\/{rel}","templated":true}]}}