{"id":24770,"date":"2025-01-16T20:45:11","date_gmt":"2025-01-16T20:45:11","guid":{"rendered":"https:\/\/247stiri.ro\/index.php\/2025\/01\/16\/reduceri-de-personal-la-posta-romana-disponibilizatii-risca-sa-ramana-fara-compensatii\/"},"modified":"2025-01-16T20:45:11","modified_gmt":"2025-01-16T20:45:11","slug":"reduceri-de-personal-la-posta-romana-disponibilizatii-risca-sa-ramana-fara-compensatii","status":"publish","type":"post","link":"https:\/\/247stiri.ro\/index.php\/2025\/01\/16\/reduceri-de-personal-la-posta-romana-disponibilizatii-risca-sa-ramana-fara-compensatii\/","title":{"rendered":"Reduceri de personal la Po\u0219ta Rom\u00e2n\u0103: disponibiliza\u021bii risc\u0103 s\u0103 r\u0103m\u00e2n\u0103 f\u0103r\u0103 compensa\u021bii"},"content":{"rendered":"<p>Totu\u0219i, angaja\u021bii care vor fi concedia\u021bi \u00eentr-o etap\u0103 ulterioar\u0103 ar putea s\u0103 nu primeasc\u0103 compensa\u021bii financiare, conform informa\u021biilor furnizate de<a href=\"https:\/\/www.profit.ro\/stiri\/social\/exclusiv-ultima-ora-posta-romana-pregateste-reduceri-de-personal-viitorii-disponibilizati-pot-sa-nu-primeasca-compensatii-21899744\" target=\"_blank\"> Profit.ro.<\/a><\/p>\n<p>Raport de activitate obligatoriu pentru salaria\u021bii din Administra\u021bia Central\u0103<\/p>\n<p>Ca parte a primei etape a restructur\u0103rii, fiecare angajat din Administra\u021bia Central\u0103 este obligat s\u0103 depun\u0103 un raport de activitate p\u00e2n\u0103 la data de 21 ianuarie. \u201ePosturile celor care nu vor depune acest raport vor fi considerate dispensabile pentru companie\u201d, se arat\u0103 \u00eentr-o notificare intern\u0103.<\/p>\n<p>Aceast\u0103 m\u0103sur\u0103 face parte din strategia companiei de a se adapta schimb\u0103rilor din industria de curierat \u0219i logistic\u0103. Pe l\u00e2ng\u0103 reducerea personalului, Po\u0219ta Rom\u00e2n\u0103 inten\u021bioneaz\u0103 s\u0103 creeze posturi noi \u00een departamente precum Antifraud\u0103, V\u00e2nz\u0103ri \u0219i Training. \u00cen cazul structurilor cu excedent de personal, va fi aplicat un proces de departajare, conform sursei citate mai sus.<\/p>\n<p>Concedieri f\u0103r\u0103 compensa\u021bii \u00een lipsa plec\u0103rilor voluntare<\/p>\n<p><a href=\"https:\/\/www.realitatea.net\/stiri\/actual\/sindicalistii-cer-demiterea-directorului-postei-romane-pe-motiv-ca-a-subminat-pozitia-pe-piata-a-companiei-de-stat_6781267b1cb2fc7154097ff7\" target=\"_blank\">Angaja\u021bii care nu opteaz\u0103<\/a> pentru plec\u0103ri voluntare, nu sunt selecta\u021bi pentru posturile nou create sau nu r\u0103m\u00e2n \u00een structurile existente vor fi concedia\u021bi. Potrivit unui avertisment intern, ace\u0219tia ar putea s\u0103 nu primeasc\u0103 compensa\u021bii financiare, din cauza limit\u0103rilor impuse de Ordonan\u021ba de Urgen\u021b\u0103 nr. 156\/2024, cunoscut\u0103 \u0219i ca \u201eOrdonan\u021ba trenule\u021b\u201d.<\/p>\n<p>\u201eRecomand\u0103m angaja\u021bilor s\u0103 evite situa\u021bia de a fi concedia\u021bi, deoarece nu vor beneficia de sume compensatorii\u201d, se subliniaz\u0103 \u00een informarea adresat\u0103 personalului.<\/p>\n<p>Po\u0219ta Rom\u00e2n\u0103 a prognozat pentru anul 2024 un profit brut de 18 milioane de lei, o cre\u0219tere fa\u021b\u0103 de rezultatul brut de 17,53 milioane de lei \u00eenregistrat \u00een 2023. Veniturile totale estimate pentru 2024 sunt de 1,793 miliarde de lei, comparativ cu 1,633 miliarde de lei \u00een 2023.<\/p>\n<p>Pe l\u00e2ng\u0103 performan\u021bele financiare, compania a prev\u0103zut o reducere semnificativ\u0103 a personalului. La finalul anului 2024, num\u0103rul total de angaja\u021bi este estimat la 21.340, cu 430 mai pu\u021bini fa\u021b\u0103 de sf\u00e2r\u0219itul anului precedent, ceea ce reprezint\u0103 o sc\u0103dere de 2%. Num\u0103rul mediu de salaria\u021bi pe 2024 este prognozat la 20.226, cu 998 mai pu\u021bini fa\u021b\u0103 de 2023, adic\u0103 o reducere de 4,7%.<\/p>\n<p><a href=\"https:\/\/www.realitatea.net\/stiri\/actual\/posta-romana-a-lansat-un-nou-serviciu-disponibil-chiar-sin-mediul-rural-facturile-vor-putea-fi-platite-cu-cardul-direct-la-postas_675af96fd3df8c3e852833e9\" target=\"_blank\">Compania este de\u021binut\u0103<\/a> majoritar de Ministerul Cercet\u0103rii, Inov\u0103rii \u0219i Digitaliz\u0103rii (93,75%), \u00een timp ce Fondul Proprietatea de\u021bine o participa\u021bie de 6,25%. Po\u0219ta Rom\u00e2n\u0103 opereaz\u0103 cea mai mare re\u021bea teritorial\u0103 din \u021bar\u0103, cu peste 5.600 de unit\u0103\u021bi.<\/p>\n<p>Posturile \u00eenchise \u0219i programul de restructurare reflect\u0103 eforturile Po\u0219tei Rom\u00e2ne de a r\u0103m\u00e2ne competitiv\u0103 pe o pia\u021b\u0103 aflat\u0103 \u00een continu\u0103 schimbare.<\/p>","protected":false},"excerpt":{"rendered":"<p>Totu\u0219i, angaja\u021bii care vor fi concedia\u021bi \u00eentr-o etap\u0103 ulterioar\u0103 ar putea s\u0103 nu primeasc\u0103 compensa\u021bii&hellip;<\/p>\n","protected":false},"author":0,"featured_media":24771,"comment_status":"open","ping_status":"open","sticky":false,"template":"","format":"standard","meta":{"footnotes":""},"categories":[2],"tags":[],"class_list":["post-24770","post","type-post","status-publish","format-standard","has-post-thumbnail","hentry","category-actual"],"_links":{"self":[{"href":"https:\/\/247stiri.ro\/index.php\/wp-json\/wp\/v2\/posts\/24770","targetHints":{"allow":["GET"]}}],"collection":[{"href":"https:\/\/247stiri.ro\/index.php\/wp-json\/wp\/v2\/posts"}],"about":[{"href":"https:\/\/247stiri.ro\/index.php\/wp-json\/wp\/v2\/types\/post"}],"replies":[{"embeddable":true,"href":"https:\/\/247stiri.ro\/index.php\/wp-json\/wp\/v2\/comments?post=24770"}],"version-history":[{"count":0,"href":"https:\/\/247stiri.ro\/index.php\/wp-json\/wp\/v2\/posts\/24770\/revisions"}],"wp:featuredmedia":[{"embeddable":true,"href":"https:\/\/247stiri.ro\/index.php\/wp-json\/wp\/v2\/media\/24771"}],"wp:attachment":[{"href":"https:\/\/247stiri.ro\/index.php\/wp-json\/wp\/v2\/media?parent=24770"}],"wp:term":[{"taxonomy":"category","embeddable":true,"href":"https:\/\/247stiri.ro\/index.php\/wp-json\/wp\/v2\/categories?post=24770"},{"taxonomy":"post_tag","embeddable":true,"href":"https:\/\/247stiri.ro\/index.php\/wp-json\/wp\/v2\/tags?post=24770"}],"curies":[{"name":"wp","href":"https:\/\/api.w.org\/{rel}","templated":true}]}}